{"id":380597,"date":"2026-01-26T13:48:30","date_gmt":"2026-01-26T12:48:30","guid":{"rendered":"https:\/\/www.tv2000.it\/ufficiostampa\/?p=380597"},"modified":"2026-01-26T13:53:15","modified_gmt":"2026-01-26T12:53:15","slug":"renzo-arbore-si-racconta-a-tv2000-la-vita-lironia-e-lanno-di-depressione-in-cui-non-sopportava-neanche-la-musica","status":"publish","type":"post","link":"https:\/\/www.tv2000.it\/ufficiostampa\/2026\/01\/26\/renzo-arbore-si-racconta-a-tv2000-la-vita-lironia-e-lanno-di-depressione-in-cui-non-sopportava-neanche-la-musica\/","title":{"rendered":"Renzo Arbore si racconta a Tv2000. <br>La vita, l\u2019ironia e l\u2019anno di depressione in cui non sopportava neanche la musica"},"content":{"rendered":"<p style=\"text-align: center;\"><a href=\"https:\/\/www.tv2000.it\/ufficiostampa\/wp-content\/uploads\/sites\/31\/2026\/01\/Paola-Saluzzi-e-Renzo-Arbore.-Foto-Tv2000-2.jpeg\"><img decoding=\"async\" class=\"aligncenter size-large wp-image-380598\" src=\"https:\/\/www.tv2000.it\/ufficiostampa\/wp-content\/uploads\/sites\/31\/2026\/01\/Paola-Saluzzi-e-Renzo-Arbore.-Foto-Tv2000-2-1024x768.jpeg\" alt=\"\" width=\"640\" height=\"480\" srcset=\"https:\/\/www.tv2000.it\/ufficiostampa\/wp-content\/uploads\/sites\/31\/2026\/01\/Paola-Saluzzi-e-Renzo-Arbore.-Foto-Tv2000-2-1024x768.jpeg 1024w, https:\/\/www.tv2000.it\/ufficiostampa\/wp-content\/uploads\/sites\/31\/2026\/01\/Paola-Saluzzi-e-Renzo-Arbore.-Foto-Tv2000-2-300x225.jpeg 300w, https:\/\/www.tv2000.it\/ufficiostampa\/wp-content\/uploads\/sites\/31\/2026\/01\/Paola-Saluzzi-e-Renzo-Arbore.-Foto-Tv2000-2-768x576.jpeg 768w, https:\/\/www.tv2000.it\/ufficiostampa\/wp-content\/uploads\/sites\/31\/2026\/01\/Paola-Saluzzi-e-Renzo-Arbore.-Foto-Tv2000-2-1536x1152.jpeg 1536w, https:\/\/www.tv2000.it\/ufficiostampa\/wp-content\/uploads\/sites\/31\/2026\/01\/Paola-Saluzzi-e-Renzo-Arbore.-Foto-Tv2000-2-36x27.jpeg 36w, https:\/\/www.tv2000.it\/ufficiostampa\/wp-content\/uploads\/sites\/31\/2026\/01\/Paola-Saluzzi-e-Renzo-Arbore.-Foto-Tv2000-2-280x210.jpeg 280w, https:\/\/www.tv2000.it\/ufficiostampa\/wp-content\/uploads\/sites\/31\/2026\/01\/Paola-Saluzzi-e-Renzo-Arbore.-Foto-Tv2000-2-650x488.jpeg 650w, https:\/\/www.tv2000.it\/ufficiostampa\/wp-content\/uploads\/sites\/31\/2026\/01\/Paola-Saluzzi-e-Renzo-Arbore.-Foto-Tv2000-2-600x450.jpeg 600w, https:\/\/www.tv2000.it\/ufficiostampa\/wp-content\/uploads\/sites\/31\/2026\/01\/Paola-Saluzzi-e-Renzo-Arbore.-Foto-Tv2000-2.jpeg 1600w\" sizes=\"(max-width: 640px) 100vw, 640px\" \/><\/a><br \/>\n<em>Intervista con Paola Saluzzi a L\u2019Ora solare<\/em><br \/>\n<em>Puntata speciale in onda gioved\u00ec 29 gennaio ore 12.20<\/em><\/p>\n<p>\u00abHo avuto la depressione per un anno. Non sopportavo la musica, la pizza, il pomodoro. Tutto quello che mi piace nella vita. Poi per fortuna \u00e8 passata\u00bb. Renzo Arbore lo racconta con la sua consueta sincerit\u00e0, senza retorica n\u00e9 drammatizzazioni, ospite de L\u2019Ora Solare, il programma di Tv2000 condotto da Paola Saluzzi, che per l\u2019occasione \u00e8 andata a trovarlo nella sua casa romana. Una puntata speciale in onda gioved\u00ec 29 gennaio ore 12.20.<br \/>\nUna casa che \u00e8 molto pi\u00f9 di un\u2019abitazione: un viaggio nella memoria. Tra memorabilia, strumenti musicali, fotografie, ricordi di viaggi e passioni coltivate in Italia e nel mondo, Arbore si muove come dentro la sua stessa biografia. Indossa uno dei suoi iconici gilet e ripercorre una vita densissima, fatta di musica, televisione, cinema, cultura, umorismo, amicizie e affetti profondi.<br \/>\nNon si celebra, in certi momenti anzi \u00e8 schivo, su affetti e qualche mancata gratitudine. Ricorda il libro-intervista \u201cMettetevi comodi. Vita, peripezie e tutto il resto\u201d fatto con Andrea Scarpa, caporedattore Spettacoli de Il Messaggero: un titolo che \u00e8 gi\u00e0 un invito al sorriso e all\u2019ascolto, come se il grande uomo di spettacolo che ha rivoluzionato il variet\u00e0 radiofonico e televisivo fosse ancora dietro a un microfono.<br \/>\nCon Paola Saluzzi Arbore parla dell\u2019onorificenza di Cavaliere di Gran Croce, ricevuta dal Presidente Sergio Mattarella \u00abquando stavo un po\u2019 gi\u00f9\u00bb, un riconoscimento arrivato in un momento delicato, quello della depressione, quasi a ricordargli il valore di un percorso unico nella storia dello spettacolo italiano.<br \/>\nC\u2019\u00e8 il jazz, grande amore di sempre, e c\u2019\u00e8 la canzone napoletana: \u00abHo cominciato come ammiratore di Roberto Murolo\u00bb, racconta. Una passione che si intreccia con le citt\u00e0 della sua vita: Foggia, dove \u00e8 nato; Napoli, citt\u00e0 di elezione e del cuore, \u00abla citt\u00e0 pi\u00f9 bella del mondo\u00bb; e Roma, dove vive da anni.<br \/>\n<a href=\"https:\/\/www.tv2000.it\/ufficiostampa\/wp-content\/uploads\/sites\/31\/2026\/01\/Paola-Saluzzi-e-Renzo-Arbore.-Foto-Tv2000.jpeg\"><img decoding=\"async\" class=\" wp-image-380602 alignright\" src=\"https:\/\/www.tv2000.it\/ufficiostampa\/wp-content\/uploads\/sites\/31\/2026\/01\/Paola-Saluzzi-e-Renzo-Arbore.-Foto-Tv2000-1024x768.jpeg\" alt=\"\" width=\"336\" height=\"252\" srcset=\"https:\/\/www.tv2000.it\/ufficiostampa\/wp-content\/uploads\/sites\/31\/2026\/01\/Paola-Saluzzi-e-Renzo-Arbore.-Foto-Tv2000-1024x768.jpeg 1024w, https:\/\/www.tv2000.it\/ufficiostampa\/wp-content\/uploads\/sites\/31\/2026\/01\/Paola-Saluzzi-e-Renzo-Arbore.-Foto-Tv2000-300x225.jpeg 300w, https:\/\/www.tv2000.it\/ufficiostampa\/wp-content\/uploads\/sites\/31\/2026\/01\/Paola-Saluzzi-e-Renzo-Arbore.-Foto-Tv2000-768x576.jpeg 768w, https:\/\/www.tv2000.it\/ufficiostampa\/wp-content\/uploads\/sites\/31\/2026\/01\/Paola-Saluzzi-e-Renzo-Arbore.-Foto-Tv2000-1536x1152.jpeg 1536w, https:\/\/www.tv2000.it\/ufficiostampa\/wp-content\/uploads\/sites\/31\/2026\/01\/Paola-Saluzzi-e-Renzo-Arbore.-Foto-Tv2000-36x27.jpeg 36w, https:\/\/www.tv2000.it\/ufficiostampa\/wp-content\/uploads\/sites\/31\/2026\/01\/Paola-Saluzzi-e-Renzo-Arbore.-Foto-Tv2000-280x210.jpeg 280w, https:\/\/www.tv2000.it\/ufficiostampa\/wp-content\/uploads\/sites\/31\/2026\/01\/Paola-Saluzzi-e-Renzo-Arbore.-Foto-Tv2000-650x488.jpeg 650w, https:\/\/www.tv2000.it\/ufficiostampa\/wp-content\/uploads\/sites\/31\/2026\/01\/Paola-Saluzzi-e-Renzo-Arbore.-Foto-Tv2000-600x450.jpeg 600w, https:\/\/www.tv2000.it\/ufficiostampa\/wp-content\/uploads\/sites\/31\/2026\/01\/Paola-Saluzzi-e-Renzo-Arbore.-Foto-Tv2000.jpeg 1600w\" sizes=\"(max-width: 336px) 100vw, 336px\" \/><\/a>A Foggia oggi esiste \u201cCasa Arbore\u201d, su tre piani: \u00abCi saranno tutte le mie collezioni, ma come arredamento, perch\u00e9 non \u00e8 un museo ma uno spazio culturale\u00bb. Un modo per restituire alla sua terra ci\u00f2 che la sua curiosit\u00e0 instancabile ha raccolto nel tempo.<br \/>\nArbore parla delle amicizie che hanno segnato la sua carriera e la sua vita: Geg\u00e8 Telesforo, Nino Frassica, Luciano De Crescenzo, Marisa Laurito. Ricorda con affetto Ugo Porcelli, il suo autore storico: \u00abLui prende appunti e fa diventare vere le cose che dico\u00bb, e rievoca quando inventarono le indimenticabili Sorelle Bandiera.<br \/>\nC\u2019\u00e8 spazio per la famiglia: quattro figli, il padre medico, la madre Giuseppina, che lo ha educato a dire grazie. E per la laurea in Giurisprudenza, mai utilizzata in un\u2019aula di tribunale, ma tornata utile quando si \u00e8 trovato coinvolto in due processi, uno per il film Papocchio e uno per Cacao Meravigliao, sponsor immaginario di \u201cIndietro tutta\u201d.<br \/>\nC\u2019\u00e8 la rivoluzione di Alto Gradimento, che ha cambiato per sempre il variet\u00e0 radiofonico, arrivata dopo Bandiera Gialla, altro programma culto, entrambi firmati con Gianni Boncompagni. E c\u2019\u00e8 la sua presenza oggi sul web, con RenzoArboreChannel.it, un canale gratuito, pensato per continuare a condividere musica e memoria.<br \/>\nE poi l\u2019Orchestra Italiana, con i suoi 1640 concerti in trent\u2019anni in tutto il mondo, le numerose cittadinanze onorarie \u2013 da Osimo a Milano, da Palermo a Napoli fino a New Orleans \u2013 e l\u2019impegno come testimonial della Lega del Filo d\u2019Oro, portato avanti da tanti anni con discrezione e costanza.<br \/>\nImmancabile il racconto su Padre Pio: un amico chiese al futuro santo quale mestiere avrebbe fatto Arbore. \u00abFacesse che vole\u00bb, rispose inizialmente. Poi, incalzato, aggiunse: \u00abFacesse l\u2019avvocato\u00bb. \u00abNon ci ha azzeccato\u00bb, commenta Arbore sorridendo.<br \/>\nCommuove il ricordo di Mariangela Melato, il grande amore della sua vita, assistita durante la malattia: \u00abDal 2007 al 2013 sono stati tutti giorni di palpitazioni di cuore\u00bb.<br \/>\nNon \u00e8 finita. Renzo Arbore \u00e8 un uomo che attraversa intere generazioni: i giovani lo riscoprono persino su TikTok, mentre lui guarda avanti. Tra i progetti, una biografia a puntate: \u00abUna biografia sorridente, non seria\u00bb.<\/p>\n","protected":false},"excerpt":{"rendered":"Intervista con Paola Saluzzi a L\u2019Ora solare Puntata speciale in onda gioved\u00ec 29 gennaio ore 12.20 \u00abHo avuto la depressione per un anno. Non sopportavo la musica, la pizza, il pomodoro. Tutto quello che mi piace nella vita. Poi per fortuna \u00e8 passata\u00bb. Renzo Arbore lo racconta con la sua consueta sincerit\u00e0, senza retorica n\u00e9 [&hellip;]","protected":false},"author":22,"featured_media":380598,"comment_status":"closed","ping_status":"open","sticky":false,"template":"","format":"standard","meta":{"_acf_changed":false,"footnotes":""},"categories":[10,2],"tags":[],"class_list":["post-380597","post","type-post","status-publish","format-standard","has-post-thumbnail","hentry","category-archivio-comunicati-stampa","category-comunicati"],"acf":[],"aioseo_notices":[],"featured_image_url":"https:\/\/www.tv2000.it\/ufficiostampa\/wp-content\/uploads\/sites\/31\/2026\/01\/Paola-Saluzzi-e-Renzo-Arbore.-Foto-Tv2000-2-1024x768.jpeg","_links":{"self":[{"href":"https:\/\/www.tv2000.it\/ufficiostampa\/wp-json\/wp\/v2\/posts\/380597","targetHints":{"allow":["GET"]}}],"collection":[{"href":"https:\/\/www.tv2000.it\/ufficiostampa\/wp-json\/wp\/v2\/posts"}],"about":[{"href":"https:\/\/www.tv2000.it\/ufficiostampa\/wp-json\/wp\/v2\/types\/post"}],"author":[{"embeddable":true,"href":"https:\/\/www.tv2000.it\/ufficiostampa\/wp-json\/wp\/v2\/users\/22"}],"replies":[{"embeddable":true,"href":"https:\/\/www.tv2000.it\/ufficiostampa\/wp-json\/wp\/v2\/comments?post=380597"}],"version-history":[{"count":4,"href":"https:\/\/www.tv2000.it\/ufficiostampa\/wp-json\/wp\/v2\/posts\/380597\/revisions"}],"predecessor-version":[{"id":380603,"href":"https:\/\/www.tv2000.it\/ufficiostampa\/wp-json\/wp\/v2\/posts\/380597\/revisions\/380603"}],"wp:featuredmedia":[{"embeddable":true,"href":"https:\/\/www.tv2000.it\/ufficiostampa\/wp-json\/wp\/v2\/media\/380598"}],"wp:attachment":[{"href":"https:\/\/www.tv2000.it\/ufficiostampa\/wp-json\/wp\/v2\/media?parent=380597"}],"wp:term":[{"taxonomy":"category","embeddable":true,"href":"https:\/\/www.tv2000.it\/ufficiostampa\/wp-json\/wp\/v2\/categories?post=380597"},{"taxonomy":"post_tag","embeddable":true,"href":"https:\/\/www.tv2000.it\/ufficiostampa\/wp-json\/wp\/v2\/tags?post=380597"}],"curies":[{"name":"wp","href":"https:\/\/api.w.org\/{rel}","templated":true}]}}