{"id":380747,"date":"2026-02-10T18:24:37","date_gmt":"2026-02-10T17:24:37","guid":{"rendered":"https:\/\/www.tv2000.it\/ufficiostampa\/?p=380747"},"modified":"2026-02-10T18:27:01","modified_gmt":"2026-02-10T17:27:01","slug":"la-messa-conclusiva-della-giornata-mondiale-del-malato-da-chiclayo-su-play2000","status":"publish","type":"post","link":"https:\/\/www.tv2000.it\/ufficiostampa\/2026\/02\/10\/la-messa-conclusiva-della-giornata-mondiale-del-malato-da-chiclayo-su-play2000\/","title":{"rendered":"Messa conclusiva Giornata mondiale malato da Chiclayo su Play2000"},"content":{"rendered":"<p style=\"text-align: center;\"><a href=\"https:\/\/www.tv2000.it\/ufficiostampa\/wp-content\/uploads\/sites\/31\/2026\/02\/Messa-conclusiva-Giornata-malato-Play2000.jpeg\"><img decoding=\"async\" class=\"aligncenter size-large wp-image-380748\" src=\"https:\/\/www.tv2000.it\/ufficiostampa\/wp-content\/uploads\/sites\/31\/2026\/02\/Messa-conclusiva-Giornata-malato-Play2000-1024x576.jpeg\" alt=\"\" width=\"640\" height=\"360\" srcset=\"https:\/\/www.tv2000.it\/ufficiostampa\/wp-content\/uploads\/sites\/31\/2026\/02\/Messa-conclusiva-Giornata-malato-Play2000-1024x576.jpeg 1024w, https:\/\/www.tv2000.it\/ufficiostampa\/wp-content\/uploads\/sites\/31\/2026\/02\/Messa-conclusiva-Giornata-malato-Play2000-300x169.jpeg 300w, https:\/\/www.tv2000.it\/ufficiostampa\/wp-content\/uploads\/sites\/31\/2026\/02\/Messa-conclusiva-Giornata-malato-Play2000-768x432.jpeg 768w, https:\/\/www.tv2000.it\/ufficiostampa\/wp-content\/uploads\/sites\/31\/2026\/02\/Messa-conclusiva-Giornata-malato-Play2000-1536x864.jpeg 1536w, https:\/\/www.tv2000.it\/ufficiostampa\/wp-content\/uploads\/sites\/31\/2026\/02\/Messa-conclusiva-Giornata-malato-Play2000-48x27.jpeg 48w, https:\/\/www.tv2000.it\/ufficiostampa\/wp-content\/uploads\/sites\/31\/2026\/02\/Messa-conclusiva-Giornata-malato-Play2000-280x158.jpeg 280w, https:\/\/www.tv2000.it\/ufficiostampa\/wp-content\/uploads\/sites\/31\/2026\/02\/Messa-conclusiva-Giornata-malato-Play2000-650x366.jpeg 650w, https:\/\/www.tv2000.it\/ufficiostampa\/wp-content\/uploads\/sites\/31\/2026\/02\/Messa-conclusiva-Giornata-malato-Play2000.jpeg 1600w\" sizes=\"(max-width: 640px) 100vw, 640px\" \/><\/a><br \/>\n<em>In diretta dal Santuario di Nostra Signora della Pace in Per\u00f9<\/em><br \/>\n<em>Mercoled\u00ec 11 febbraio ore 15<\/em><\/p>\n<p>Play2000, la piattaforma streaming di Tv2000 e inBlu2000, mercoled\u00ec 11 febbraio alle ore 15 trasmette in diretta dal Santuario di Nostra Signora della Pace a Chiclayo (Per\u00f9) la Messa conclusiva della Giornata mondiale del malato. La celebrazione, in lingua spagnola, \u00e8 presieduta dal Card. Michael Czerny Prefetto del Dicastero per il Servizio dello Sviluppo Umano Integrale.<\/p>\n","protected":false},"excerpt":{"rendered":"In diretta dal Santuario di Nostra Signora della Pace in Per\u00f9 Mercoled\u00ec 11 febbraio ore 15 Play2000, la piattaforma streaming di Tv2000 e inBlu2000, mercoled\u00ec 11 febbraio alle ore 15 trasmette in diretta dal Santuario di Nostra Signora della Pace a Chiclayo (Per\u00f9) la Messa conclusiva della Giornata mondiale del malato. La celebrazione, in lingua [&hellip;]","protected":false},"author":22,"featured_media":380748,"comment_status":"closed","ping_status":"open","sticky":false,"template":"","format":"standard","meta":{"_acf_changed":false,"footnotes":""},"categories":[10,668],"tags":[],"class_list":["post-380747","post","type-post","status-publish","format-standard","has-post-thumbnail","hentry","category-archivio-comunicati-stampa","category-play2000"],"acf":[],"aioseo_notices":[],"featured_image_url":"https:\/\/www.tv2000.it\/ufficiostampa\/wp-content\/uploads\/sites\/31\/2026\/02\/Messa-conclusiva-Giornata-malato-Play2000-1024x576.jpeg","_links":{"self":[{"href":"https:\/\/www.tv2000.it\/ufficiostampa\/wp-json\/wp\/v2\/posts\/380747","targetHints":{"allow":["GET"]}}],"collection":[{"href":"https:\/\/www.tv2000.it\/ufficiostampa\/wp-json\/wp\/v2\/posts"}],"about":[{"href":"https:\/\/www.tv2000.it\/ufficiostampa\/wp-json\/wp\/v2\/types\/post"}],"author":[{"embeddable":true,"href":"https:\/\/www.tv2000.it\/ufficiostampa\/wp-json\/wp\/v2\/users\/22"}],"replies":[{"embeddable":true,"href":"https:\/\/www.tv2000.it\/ufficiostampa\/wp-json\/wp\/v2\/comments?post=380747"}],"version-history":[{"count":3,"href":"https:\/\/www.tv2000.it\/ufficiostampa\/wp-json\/wp\/v2\/posts\/380747\/revisions"}],"predecessor-version":[{"id":380751,"href":"https:\/\/www.tv2000.it\/ufficiostampa\/wp-json\/wp\/v2\/posts\/380747\/revisions\/380751"}],"wp:featuredmedia":[{"embeddable":true,"href":"https:\/\/www.tv2000.it\/ufficiostampa\/wp-json\/wp\/v2\/media\/380748"}],"wp:attachment":[{"href":"https:\/\/www.tv2000.it\/ufficiostampa\/wp-json\/wp\/v2\/media?parent=380747"}],"wp:term":[{"taxonomy":"category","embeddable":true,"href":"https:\/\/www.tv2000.it\/ufficiostampa\/wp-json\/wp\/v2\/categories?post=380747"},{"taxonomy":"post_tag","embeddable":true,"href":"https:\/\/www.tv2000.it\/ufficiostampa\/wp-json\/wp\/v2\/tags?post=380747"}],"curies":[{"name":"wp","href":"https:\/\/api.w.org\/{rel}","templated":true}]}}