{"id":380878,"date":"2026-02-27T12:13:50","date_gmt":"2026-02-27T11:13:50","guid":{"rendered":"https:\/\/www.tv2000.it\/ufficiostampa\/?p=380878"},"modified":"2026-02-27T12:22:07","modified_gmt":"2026-02-27T11:22:07","slug":"the-chosen-la-visita-pastorale-del-papa-e-lo-speciale-per-la-giornata-mondiale-delle-malattie-rare-su-play2000","status":"publish","type":"post","link":"https:\/\/www.tv2000.it\/ufficiostampa\/2026\/02\/27\/the-chosen-la-visita-pastorale-del-papa-e-lo-speciale-per-la-giornata-mondiale-delle-malattie-rare-su-play2000\/","title":{"rendered":"The Chosen, la visita pastorale del Papa e lo speciale per la Giornata Mondiale delle Malattie Rare su Play2000"},"content":{"rendered":"<figure id=\"attachment_22978\" aria-describedby=\"caption-attachment-22978\" style=\"width: 300px\" class=\"wp-caption alignleft\"><a href=\"https:\/\/www.tv2000.it\/ufficiostampa\/wp-content\/uploads\/sites\/31\/2019\/03\/Una-storia-di-Bambini-2-min.png\"><img decoding=\"async\" class=\"wp-image-22978 size-medium\" src=\"https:\/\/www.tv2000.it\/ufficiostampa\/wp-content\/uploads\/sites\/31\/2019\/03\/Una-storia-di-Bambini-2-min-300x166.png\" alt=\"\" width=\"300\" height=\"166\" srcset=\"https:\/\/www.tv2000.it\/ufficiostampa\/wp-content\/uploads\/sites\/31\/2019\/03\/Una-storia-di-Bambini-2-min-300x166.png 300w, https:\/\/www.tv2000.it\/ufficiostampa\/wp-content\/uploads\/sites\/31\/2019\/03\/Una-storia-di-Bambini-2-min-768x425.png 768w, https:\/\/www.tv2000.it\/ufficiostampa\/wp-content\/uploads\/sites\/31\/2019\/03\/Una-storia-di-Bambini-2-min-1024x567.png 1024w, https:\/\/www.tv2000.it\/ufficiostampa\/wp-content\/uploads\/sites\/31\/2019\/03\/Una-storia-di-Bambini-2-min-49x27.png 49w, https:\/\/www.tv2000.it\/ufficiostampa\/wp-content\/uploads\/sites\/31\/2019\/03\/Una-storia-di-Bambini-2-min-280x155.png 280w, https:\/\/www.tv2000.it\/ufficiostampa\/wp-content\/uploads\/sites\/31\/2019\/03\/Una-storia-di-Bambini-2-min-650x360.png 650w, https:\/\/www.tv2000.it\/ufficiostampa\/wp-content\/uploads\/sites\/31\/2019\/03\/Una-storia-di-Bambini-2-min.png 1641w\" sizes=\"(max-width: 300px) 100vw, 300px\" \/><\/a><figcaption id=\"caption-attachment-22978\" class=\"wp-caption-text\">Una storia di Bambini<\/figcaption><\/figure>\n<p data-start=\"116\" data-end=\"584\">Nella settimana dal 26 febbraio al 5 marzo, <span class=\"hover:entity-accent entity-underline inline cursor-pointer align-baseline\"><span class=\"whitespace-normal\">Play2000<\/span><\/span> \u2014 la piattaforma streaming di <span class=\"hover:entity-accent entity-underline inline cursor-pointer align-baseline\"><span class=\"whitespace-normal\">Tv2000<\/span><\/span> \u2014 propone un\u2019offerta digitale che unisce spiritualit\u00e0, attualit\u00e0 e grandi produzioni seriali. Tra i contenuti di punta spiccano la terza stagione di <em data-start=\"415\" data-end=\"427\">The Chosen<\/em>, la diretta della visita pastorale di <span class=\"hover:entity-accent entity-underline inline cursor-pointer align-baseline\"><span class=\"whitespace-normal\">Papa Leone XIV<\/span><\/span> e uno speciale documentario dedicato alla Giornata Mondiale delle Malattie Rare.<\/p>\n<hr data-start=\"529\" data-end=\"532\">\n<h3 data-start=\"534\" data-end=\"567\">FILM E DOCUMENTARI \u2013 ON DEMAND<\/h3>\n<p data-start=\"569\" data-end=\"626\"><strong data-start=\"569\" data-end=\"583\">Peregrinus<\/strong><br data-start=\"583\" data-end=\"586\">Disponibile in VOD fino al 4 marzo 2026.<\/p>\n<p data-start=\"628\" data-end=\"703\"><strong data-start=\"628\" data-end=\"660\">Salomone e la Regina di Saba<\/strong><br data-start=\"660\" data-end=\"663\">Disponibile in VOD fino al 5 marzo 2026.<\/p>\n<p data-start=\"705\" data-end=\"777\"><strong data-start=\"705\" data-end=\"734\">Le campane di Santa Maria<\/strong><br data-start=\"734\" data-end=\"737\">Disponibile in VOD fino al 6 marzo 2026.<\/p>\n<p data-start=\"779\" data-end=\"842\"><strong data-start=\"779\" data-end=\"799\">Sansone e Dalila<\/strong><br data-start=\"799\" data-end=\"802\">Disponibile in VOD fino al 7 marzo 2026.<\/p>\n<p data-start=\"844\" data-end=\"912\"><strong data-start=\"844\" data-end=\"868\">A proposito di Henry<\/strong><br data-start=\"868\" data-end=\"871\">Disponibile in VOD fino all\u20198 marzo 2026.<\/p>\n<p data-start=\"914\" data-end=\"1076\"><strong data-start=\"914\" data-end=\"941\">The Chosen \u2013 Stagione 3<\/strong><br data-start=\"941\" data-end=\"944\">Disponibile in VOD fino al 9 aprile 2026.<br data-start=\"985\" data-end=\"988\">La serie dedicata alla vita di Ges\u00f9 raccontata attraverso lo sguardo dei suoi discepoli.<\/p>\n<p data-start=\"1078\" data-end=\"1133\"><strong data-start=\"1078\" data-end=\"1089\">Jet Lag<\/strong><br data-start=\"1089\" data-end=\"1092\">Disponibile in VOD fino al 10 marzo 2026.<\/p>\n<p data-start=\"1135\" data-end=\"1195\"><strong data-start=\"1135\" data-end=\"1150\">La farfalla<\/strong><br data-start=\"1150\" data-end=\"1153\">Disponibile in VOD fino all\u201911 marzo 2026.<\/p>\n<hr data-start=\"1197\" data-end=\"1200\">\n<h3 data-start=\"1202\" data-end=\"1212\">DIRETTE<\/h3>\n<p data-start=\"1214\" data-end=\"1308\"><em data-start=\"1214\" data-end=\"1236\"><strong data-start=\"1215\" data-end=\"1235\">domenica 1 marzo<\/strong><\/em> \u2013 ore 17.00<br data-start=\"1248\" data-end=\"1251\"><strong data-start=\"1251\" data-end=\"1308\">Santa Messa per la visita pastorale di Papa Leone XIV<\/strong><\/p>\n<p data-start=\"1310\" data-end=\"1618\">Luogo: Parrocchia Ascensione di Nostro Signore Ges\u00f9 Cristo, Roma<br data-start=\"1374\" data-end=\"1377\"><span class=\"hover:entity-accent entity-underline inline cursor-pointer align-baseline\"><span class=\"whitespace-normal\">Papa Leone XIV<\/span><\/span> prosegue gli incontri con le comunit\u00e0 parrocchiali della diocesi di Roma. La celebrazione eucaristica sar\u00e0 trasmessa in diretta su Play2000 e resa successivamente disponibile anche in modalit\u00e0 on-demand.<\/p>\n<hr data-start=\"1620\" data-end=\"1623\">\n<h3 data-start=\"1625\" data-end=\"1652\">NOVIT\u00c0 E APPROFONDIMENTI<\/h3>\n<p data-start=\"1654\" data-end=\"1723\"><em data-start=\"1654\" data-end=\"1679\"><strong data-start=\"1655\" data-end=\"1678\">venerd\u00ec 28 febbraio<\/strong><\/em><br data-start=\"1679\" data-end=\"1682\"><strong data-start=\"1682\" data-end=\"1723\">Giornata Mondiale delle Malattie Rare<\/strong><\/p>\n<p data-start=\"1725\" data-end=\"2041\">Documentario dedicato all\u2019<span class=\"hover:entity-accent entity-underline inline cursor-pointer align-baseline\"><span class=\"whitespace-normal\">Ospedale Pediatrico Bambino Ges\u00f9<\/span><\/span>, centro di eccellenza internazionale per la diagnosi e la cura delle malattie rare pediatriche.<br data-start=\"1884\" data-end=\"1887\">Link: <a class=\"decorated-link\" href=\"https:\/\/www.play2000.it\/detail\/120\" target=\"_new\" rel=\"noopener\" data-start=\"1893\" data-end=\"1927\">https:\/\/www.play2000.it\/detail\/120<\/a><br data-start=\"1927\" data-end=\"1930\">Un racconto che approfondisce ricerca, assistenza e storie di cura legate alle patologie rare in et\u00e0 infantile.<\/p>\n","protected":false},"excerpt":{"rendered":"Nella settimana dal 26 febbraio al 5 marzo, Play2000 \u2014 la piattaforma streaming di Tv2000 \u2014 propone un\u2019offerta digitale che unisce spiritualit\u00e0, attualit\u00e0 e grandi produzioni seriali. Tra i contenuti di punta spiccano la terza stagione di The Chosen, la diretta della visita pastorale di Papa Leone XIV e uno speciale documentario dedicato alla Giornata [&hellip;]","protected":false},"author":48,"featured_media":27294,"comment_status":"closed","ping_status":"open","sticky":false,"template":"","format":"standard","meta":{"_acf_changed":false,"footnotes":""},"categories":[10,668],"tags":[],"class_list":["post-380878","post","type-post","status-publish","format-standard","has-post-thumbnail","hentry","category-archivio-comunicati-stampa","category-play2000"],"acf":[],"aioseo_notices":[],"featured_image_url":"https:\/\/www.tv2000.it\/ufficiostampa\/wp-content\/uploads\/sites\/31\/2020\/07\/Una-storia-di-Bambini-2-min-1024x567.png","_links":{"self":[{"href":"https:\/\/www.tv2000.it\/ufficiostampa\/wp-json\/wp\/v2\/posts\/380878","targetHints":{"allow":["GET"]}}],"collection":[{"href":"https:\/\/www.tv2000.it\/ufficiostampa\/wp-json\/wp\/v2\/posts"}],"about":[{"href":"https:\/\/www.tv2000.it\/ufficiostampa\/wp-json\/wp\/v2\/types\/post"}],"author":[{"embeddable":true,"href":"https:\/\/www.tv2000.it\/ufficiostampa\/wp-json\/wp\/v2\/users\/48"}],"replies":[{"embeddable":true,"href":"https:\/\/www.tv2000.it\/ufficiostampa\/wp-json\/wp\/v2\/comments?post=380878"}],"version-history":[{"count":2,"href":"https:\/\/www.tv2000.it\/ufficiostampa\/wp-json\/wp\/v2\/posts\/380878\/revisions"}],"predecessor-version":[{"id":380880,"href":"https:\/\/www.tv2000.it\/ufficiostampa\/wp-json\/wp\/v2\/posts\/380878\/revisions\/380880"}],"wp:featuredmedia":[{"embeddable":true,"href":"https:\/\/www.tv2000.it\/ufficiostampa\/wp-json\/wp\/v2\/media\/27294"}],"wp:attachment":[{"href":"https:\/\/www.tv2000.it\/ufficiostampa\/wp-json\/wp\/v2\/media?parent=380878"}],"wp:term":[{"taxonomy":"category","embeddable":true,"href":"https:\/\/www.tv2000.it\/ufficiostampa\/wp-json\/wp\/v2\/categories?post=380878"},{"taxonomy":"post_tag","embeddable":true,"href":"https:\/\/www.tv2000.it\/ufficiostampa\/wp-json\/wp\/v2\/tags?post=380878"}],"curies":[{"name":"wp","href":"https:\/\/api.w.org\/{rel}","templated":true}]}}