{"id":381466,"date":"2026-04-29T12:31:06","date_gmt":"2026-04-29T10:31:06","guid":{"rendered":"https:\/\/www.tv2000.it\/ufficiostampa\/?p=381466"},"modified":"2026-04-29T13:24:34","modified_gmt":"2026-04-29T11:24:34","slug":"il-mio-medico-rizoartrosi-celiachia-ictus-mal-di-testa-e-benessere","status":"publish","type":"post","link":"https:\/\/www.tv2000.it\/ufficiostampa\/2026\/04\/29\/il-mio-medico-rizoartrosi-celiachia-ictus-mal-di-testa-e-benessere\/","title":{"rendered":"Il mio medico: rizoartrosi, celiachia, ictus, mal di testa e benessere"},"content":{"rendered":"<p data-start=\"76\" data-end=\"585\"><em>Si parla di rizoartrosi, trigliceridi alti, influenza intestinale, assistenza domiciliare, alimentazione e umore, celiachia, disturbi della vista, riabilitazione post ictus, mal di testa cronico, propriet\u00e0 del caff\u00e8 ed esercizio fisico nella settimana de \u2018Il mio medico\u2019, in onda su Tv2000 dal luned\u00ec al venerd\u00ec alle ore 9.45, condotto da Monica Di Loreto, programma di informazione medica che approfondisce i temi della salute con il contributo di specialisti.<\/em><\/p>\n<p data-start=\"587\" data-end=\"1299\"><strong data-start=\"587\" data-end=\"606\"><a href=\"https:\/\/www.tv2000.it\/ufficiostampa\/wp-content\/uploads\/sites\/31\/2024\/10\/035_il-mio-medico_GAS1938_bassaris.jpg\"><img decoding=\"async\" class=\"alignleft wp-image-196834 size-medium\" src=\"https:\/\/www.tv2000.it\/ufficiostampa\/wp-content\/uploads\/sites\/31\/2024\/10\/035_il-mio-medico_GAS1938_bassaris-200x300.jpg\" alt=\"\" width=\"200\" height=\"300\" srcset=\"https:\/\/www.tv2000.it\/ufficiostampa\/wp-content\/uploads\/sites\/31\/2024\/10\/035_il-mio-medico_GAS1938_bassaris-200x300.jpg 200w, https:\/\/www.tv2000.it\/ufficiostampa\/wp-content\/uploads\/sites\/31\/2024\/10\/035_il-mio-medico_GAS1938_bassaris-683x1024.jpg 683w, https:\/\/www.tv2000.it\/ufficiostampa\/wp-content\/uploads\/sites\/31\/2024\/10\/035_il-mio-medico_GAS1938_bassaris-768x1152.jpg 768w, https:\/\/www.tv2000.it\/ufficiostampa\/wp-content\/uploads\/sites\/31\/2024\/10\/035_il-mio-medico_GAS1938_bassaris-1024x1536.jpg 1024w, https:\/\/www.tv2000.it\/ufficiostampa\/wp-content\/uploads\/sites\/31\/2024\/10\/035_il-mio-medico_GAS1938_bassaris-1365x2048.jpg 1365w, https:\/\/www.tv2000.it\/ufficiostampa\/wp-content\/uploads\/sites\/31\/2024\/10\/035_il-mio-medico_GAS1938_bassaris-18x27.jpg 18w, https:\/\/www.tv2000.it\/ufficiostampa\/wp-content\/uploads\/sites\/31\/2024\/10\/035_il-mio-medico_GAS1938_bassaris-280x420.jpg 280w, https:\/\/www.tv2000.it\/ufficiostampa\/wp-content\/uploads\/sites\/31\/2024\/10\/035_il-mio-medico_GAS1938_bassaris-650x975.jpg 650w, https:\/\/www.tv2000.it\/ufficiostampa\/wp-content\/uploads\/sites\/31\/2024\/10\/035_il-mio-medico_GAS1938_bassaris.jpg 1414w\" sizes=\"(max-width: 200px) 100vw, 200px\" \/><\/a>Luned\u00ec 4 maggio<\/strong><br data-start=\"606\" data-end=\"609\"><strong data-start=\"609\" data-end=\"631\">Alessandro Piperno<\/strong>, ortopedico specializzato in chirurgia della mano presso l\u2019Ospedale Israelitico di Roma, insieme al fisioterapista <strong data-start=\"747\" data-end=\"766\">Daniele Cernuto<\/strong>, affronta il tema della <strong data-start=\"791\" data-end=\"806\">rizoartrosi<\/strong>, illustrando <strong data-start=\"820\" data-end=\"858\">terapie conservative e chirurgiche<\/strong>.<br data-start=\"859\" data-end=\"862\"><strong data-start=\"862\" data-end=\"880\">Renato Fanelli<\/strong>, medico di medicina generale ASL RM1, nella rubrica \u201cIl mio medico risponde\u201d approfondisce i temi legati a <strong data-start=\"988\" data-end=\"1009\">trigliceridi alti<\/strong>, <strong data-start=\"1011\" data-end=\"1036\">influenza intestinale<\/strong> e alle modalit\u00e0 per richiedere <strong data-start=\"1068\" data-end=\"1112\">assistenza domiciliare e cure palliative<\/strong>.<br data-start=\"1113\" data-end=\"1116\"><strong data-start=\"1116\" data-end=\"1138\">Stefano Erzegovesi<\/strong>, medico nutrizionista e psichiatra, si concentra sul rapporto tra <strong data-start=\"1205\" data-end=\"1246\">alimentazione e benessere psicologico<\/strong>, spiegando quali cibi influenzano il <strong data-start=\"1284\" data-end=\"1298\">buon umore<\/strong>.<\/p>\n<p data-start=\"1301\" data-end=\"1956\"><strong data-start=\"1301\" data-end=\"1321\">Marted\u00ec 5 maggio<\/strong><br data-start=\"1321\" data-end=\"1324\"><strong data-start=\"1324\" data-end=\"1344\">Federica Furfaro<\/strong>, gastroenterologa all\u2019IRCCS San Raffaele di Milano, insieme alla chef <strong data-start=\"1415\" data-end=\"1433\">Roberta Luongo<\/strong>, parla di <strong data-start=\"1444\" data-end=\"1471\">intolleranza al glutine<\/strong> e <strong data-start=\"1474\" data-end=\"1487\">celiachia<\/strong>, proponendo anche <strong data-start=\"1506\" data-end=\"1535\">ricette adatte ai celiaci<\/strong>.<br data-start=\"1536\" data-end=\"1539\"><strong data-start=\"1539\" data-end=\"1554\">Paolo Nucci<\/strong>, professore ordinario di oculistica all\u2019Universit\u00e0 Statale di Milano, affronta il tema dello <strong data-start=\"1648\" data-end=\"1676\">sdoppiamento della vista<\/strong>, analizzandone le cause e le possibili cure.<br data-start=\"1721\" data-end=\"1724\"><strong data-start=\"1724\" data-end=\"1744\">Donatella Mattia<\/strong>, neurologa e direttrice della Diagnostica e trattamenti innovativi in neuroriabilitazione presso l\u2019IRCCS Fondazione Santa Lucia di Roma, approfondisce le <strong data-start=\"1899\" data-end=\"1955\">nuove tecnologie per la riabilitazione dopo un ictus<\/strong>.<\/p>\n<p data-start=\"1958\" data-end=\"2524\" data-is-last-node=\"\" data-is-only-node=\"\"><strong data-start=\"1958\" data-end=\"1978\">Gioved\u00ec 7 maggio<\/strong><br data-start=\"1978\" data-end=\"1981\"><strong data-start=\"1981\" data-end=\"1999\">Piero Barbanti<\/strong>, professore ordinario di neurologia all\u2019Universit\u00e0 San Raffaele di Roma e neurologo IRCCS San Raffaele, illustra i <strong data-start=\"2115\" data-end=\"2143\">nuovi farmaci innovativi<\/strong> per il trattamento del <strong data-start=\"2167\" data-end=\"2191\">mal di testa cronico<\/strong>.<br data-start=\"2192\" data-end=\"2195\"><strong data-start=\"2195\" data-end=\"2216\">Rolando Bolognino<\/strong>, biologo nutrizionista, presenta le <strong data-start=\"2253\" data-end=\"2316\">pi\u00f9 recenti ricerche scientifiche sulle propriet\u00e0 del caff\u00e8<\/strong>, offrendo consigli sul <strong data-start=\"2340\" data-end=\"2360\">consumo corretto<\/strong>.<br data-start=\"2361\" data-end=\"2364\"><strong data-start=\"2364\" data-end=\"2386\">Nicol\u00f2 Famiglietti<\/strong>, personal trainer, propone una serie di <strong data-start=\"2427\" data-end=\"2467\">esercizi da fare a casa con la sedia<\/strong>, utili per mantenere il <strong data-start=\"2492\" data-end=\"2523\">benessere fisico quotidiano<\/strong>.<\/p>\n","protected":false},"excerpt":{"rendered":"Si parla di rizoartrosi, trigliceridi alti, influenza intestinale, assistenza domiciliare, alimentazione e umore, celiachia, disturbi della vista, riabilitazione post ictus, mal di testa cronico, propriet\u00e0 del caff\u00e8 ed esercizio fisico nella settimana de \u2018Il mio medico\u2019, in onda su Tv2000 dal luned\u00ec al venerd\u00ec alle ore 9.45, condotto da Monica Di Loreto, programma di informazione [&hellip;]","protected":false},"author":48,"featured_media":196836,"comment_status":"closed","ping_status":"open","sticky":false,"template":"","format":"standard","meta":{"_acf_changed":false,"footnotes":""},"categories":[10,7],"tags":[],"class_list":["post-381466","post","type-post","status-publish","format-standard","has-post-thumbnail","hentry","category-archivio-comunicati-stampa","category-programmi"],"acf":[],"aioseo_notices":[],"featured_image_url":"https:\/\/www.tv2000.it\/ufficiostampa\/wp-content\/uploads\/sites\/31\/2024\/10\/036_il-mio-medico_GAS1953_bassaris-1024x683.jpg","_links":{"self":[{"href":"https:\/\/www.tv2000.it\/ufficiostampa\/wp-json\/wp\/v2\/posts\/381466","targetHints":{"allow":["GET"]}}],"collection":[{"href":"https:\/\/www.tv2000.it\/ufficiostampa\/wp-json\/wp\/v2\/posts"}],"about":[{"href":"https:\/\/www.tv2000.it\/ufficiostampa\/wp-json\/wp\/v2\/types\/post"}],"author":[{"embeddable":true,"href":"https:\/\/www.tv2000.it\/ufficiostampa\/wp-json\/wp\/v2\/users\/48"}],"replies":[{"embeddable":true,"href":"https:\/\/www.tv2000.it\/ufficiostampa\/wp-json\/wp\/v2\/comments?post=381466"}],"version-history":[{"count":1,"href":"https:\/\/www.tv2000.it\/ufficiostampa\/wp-json\/wp\/v2\/posts\/381466\/revisions"}],"predecessor-version":[{"id":381467,"href":"https:\/\/www.tv2000.it\/ufficiostampa\/wp-json\/wp\/v2\/posts\/381466\/revisions\/381467"}],"wp:featuredmedia":[{"embeddable":true,"href":"https:\/\/www.tv2000.it\/ufficiostampa\/wp-json\/wp\/v2\/media\/196836"}],"wp:attachment":[{"href":"https:\/\/www.tv2000.it\/ufficiostampa\/wp-json\/wp\/v2\/media?parent=381466"}],"wp:term":[{"taxonomy":"category","embeddable":true,"href":"https:\/\/www.tv2000.it\/ufficiostampa\/wp-json\/wp\/v2\/categories?post=381466"},{"taxonomy":"post_tag","embeddable":true,"href":"https:\/\/www.tv2000.it\/ufficiostampa\/wp-json\/wp\/v2\/tags?post=381466"}],"curies":[{"name":"wp","href":"https:\/\/api.w.org\/{rel}","templated":true}]}}