{"id":382148,"date":"2026-09-04T09:33:08","date_gmt":"2026-09-04T07:33:08","guid":{"rendered":"https:\/\/www.tv2000.it\/ufficiostampa\/?p=382148"},"modified":"2026-09-04T09:55:25","modified_gmt":"2026-09-04T07:55:25","slug":"effetto-notte-settembre-tra-grandi-interviste-e-protagonisti-del-cinema-italiano","status":"publish","type":"post","link":"https:\/\/www.tv2000.it\/ufficiostampa\/2026\/09\/04\/effetto-notte-settembre-tra-grandi-interviste-e-protagonisti-del-cinema-italiano\/","title":{"rendered":"Effetto Notte, settembre tra grandi interviste e protagonisti del cinema italiano"},"content":{"rendered":"<p dir=\"ltr\"><em>Ogni venerd\u00ec in seconda serata<\/em><\/p>\n<p dir=\"ltr\">Prosegue l&#8217;appuntamento con <em>Effetto Notte<\/em>, il rotocalco di informazione cinematografica di Tv2000 condotto da Fabio Falzone: anche a settembre, ogni venerd\u00ec in seconda serata, il programma propone le interviste pi\u00f9 belle della stagione. Faccia a faccia tra cinema e vita, confessioni confidenziali e i titoli pi\u00f9 belli ed emozionanti da riscoprire in sala, in piattaforma o nelle arene estive.<\/p>\n<p dir=\"ltr\">Questi i prossimi appuntamenti:<\/p>\n<p dir=\"ltr\"><strong>Venerd\u00ec 4 settembre \u2013 ore 22.30<\/strong><br \/>\n<a href=\"https:\/\/www.tv2000.it\/ufficiostampa\/wp-content\/uploads\/sites\/31\/2026\/09\/Screenshot-2026-09-04-093157.png\"><img decoding=\"async\" class=\"alignleft wp-image-382149 size-medium\" src=\"https:\/\/www.tv2000.it\/ufficiostampa\/wp-content\/uploads\/sites\/31\/2026\/09\/Screenshot-2026-09-04-093157-300x171.png\" alt=\"\" width=\"300\" height=\"171\" srcset=\"https:\/\/www.tv2000.it\/ufficiostampa\/wp-content\/uploads\/sites\/31\/2026\/09\/Screenshot-2026-09-04-093157-300x171.png 300w, https:\/\/www.tv2000.it\/ufficiostampa\/wp-content\/uploads\/sites\/31\/2026\/09\/Screenshot-2026-09-04-093157-1024x584.png 1024w, https:\/\/www.tv2000.it\/ufficiostampa\/wp-content\/uploads\/sites\/31\/2026\/09\/Screenshot-2026-09-04-093157-768x438.png 768w, https:\/\/www.tv2000.it\/ufficiostampa\/wp-content\/uploads\/sites\/31\/2026\/09\/Screenshot-2026-09-04-093157-47x27.png 47w, https:\/\/www.tv2000.it\/ufficiostampa\/wp-content\/uploads\/sites\/31\/2026\/09\/Screenshot-2026-09-04-093157-280x160.png 280w, https:\/\/www.tv2000.it\/ufficiostampa\/wp-content\/uploads\/sites\/31\/2026\/09\/Screenshot-2026-09-04-093157-650x371.png 650w, https:\/\/www.tv2000.it\/ufficiostampa\/wp-content\/uploads\/sites\/31\/2026\/09\/Screenshot-2026-09-04-093157.png 1520w\" sizes=\"(max-width: 300px) 100vw, 300px\" \/><\/a>Faccia a faccia con <strong>Michele Riondino<\/strong> e <strong>Tecla Insolia<\/strong>. A seguire il fotografo <strong>Riccardo Ghilardi<\/strong> racconta le stelle immortalate dal suo obiettivo.<\/p>\n<p dir=\"ltr\"><strong>Venerd\u00ec 11 settembre \u2013 ore 22.45<\/strong><br \/>\nLa tradizione millenaria di <em>Agnus Dei<\/em> raccontata dal documentarista <strong>Massimiliano Camaiti<\/strong>. A seguire faccia a faccia con l&#8217;attrice <strong>Ester Pantano<\/strong>.<\/p>\n<p dir=\"ltr\"><strong>Venerd\u00ec 18 settembre \u2013 ore 23.00<\/strong><br \/>\nFaccia a faccia con <strong>Pio e Amedeo<\/strong>. A seguire la giornalista <strong>Silvia Bizio<\/strong> racconta il suo grande amico <strong>Kevin Costner<\/strong>.<\/p>\n<p dir=\"ltr\">Un appuntamento settimanale dedicato al cinema e ai suoi protagonisti, per rivivere i momenti pi\u00f9 intensi della stagione e accompagnare gli spettatori tra racconti, ricordi e volti amati del grande schermo.<\/p>\n","protected":false},"excerpt":{"rendered":"Ogni venerd\u00ec in seconda serata Prosegue l&#8217;appuntamento con Effetto Notte, il rotocalco di informazione cinematografica di Tv2000 condotto da Fabio Falzone: anche a settembre, ogni venerd\u00ec in seconda serata, il programma propone le interviste pi\u00f9 belle della stagione. Faccia a faccia tra cinema e vita, confessioni confidenziali e i titoli pi\u00f9 belli ed emozionanti da [&hellip;]","protected":false},"author":48,"featured_media":382149,"comment_status":"closed","ping_status":"open","sticky":false,"template":"","format":"standard","meta":{"_acf_changed":false,"footnotes":""},"categories":[10,7],"tags":[],"class_list":["post-382148","post","type-post","status-publish","format-standard","has-post-thumbnail","hentry","category-archivio-comunicati-stampa","category-programmi"],"acf":[],"aioseo_notices":[],"featured_image_url":"https:\/\/www.tv2000.it\/ufficiostampa\/wp-content\/uploads\/sites\/31\/2026\/09\/Screenshot-2026-09-04-093157-1024x584.png","_links":{"self":[{"href":"https:\/\/www.tv2000.it\/ufficiostampa\/wp-json\/wp\/v2\/posts\/382148","targetHints":{"allow":["GET"]}}],"collection":[{"href":"https:\/\/www.tv2000.it\/ufficiostampa\/wp-json\/wp\/v2\/posts"}],"about":[{"href":"https:\/\/www.tv2000.it\/ufficiostampa\/wp-json\/wp\/v2\/types\/post"}],"author":[{"embeddable":true,"href":"https:\/\/www.tv2000.it\/ufficiostampa\/wp-json\/wp\/v2\/users\/48"}],"replies":[{"embeddable":true,"href":"https:\/\/www.tv2000.it\/ufficiostampa\/wp-json\/wp\/v2\/comments?post=382148"}],"version-history":[{"count":1,"href":"https:\/\/www.tv2000.it\/ufficiostampa\/wp-json\/wp\/v2\/posts\/382148\/revisions"}],"predecessor-version":[{"id":382150,"href":"https:\/\/www.tv2000.it\/ufficiostampa\/wp-json\/wp\/v2\/posts\/382148\/revisions\/382150"}],"wp:featuredmedia":[{"embeddable":true,"href":"https:\/\/www.tv2000.it\/ufficiostampa\/wp-json\/wp\/v2\/media\/382149"}],"wp:attachment":[{"href":"https:\/\/www.tv2000.it\/ufficiostampa\/wp-json\/wp\/v2\/media?parent=382148"}],"wp:term":[{"taxonomy":"category","embeddable":true,"href":"https:\/\/www.tv2000.it\/ufficiostampa\/wp-json\/wp\/v2\/categories?post=382148"},{"taxonomy":"post_tag","embeddable":true,"href":"https:\/\/www.tv2000.it\/ufficiostampa\/wp-json\/wp\/v2\/tags?post=382148"}],"curies":[{"name":"wp","href":"https:\/\/api.w.org\/{rel}","templated":true}]}}