{"id":382154,"date":"2026-09-04T11:18:12","date_gmt":"2026-09-04T09:18:12","guid":{"rendered":"https:\/\/www.tv2000.it\/ufficiostampa\/?p=382154"},"modified":"2026-09-04T11:18:12","modified_gmt":"2026-09-04T09:18:12","slug":"soul-architettura-inchieste-cinema-e-musica-settembre-tra-fede-e-grandi-domande-dellesistenza","status":"publish","type":"post","link":"https:\/\/www.tv2000.it\/ufficiostampa\/2026\/09\/04\/soul-architettura-inchieste-cinema-e-musica-settembre-tra-fede-e-grandi-domande-dellesistenza\/","title":{"rendered":"Soul: architettura, inchieste, cinema e musica. Settembre tra fede e grandi domande dell\u2019esistenza"},"content":{"rendered":"<p dir=\"ltr\">A settembre, <strong>\u2018Soul\u2019<\/strong> torna ad accompagnare il pubblico di Tv2000 con un percorso tra <strong>arte, impegno civile, spiritualit\u00e0 e creativit\u00e0<\/strong>. Il programma di interviste condotto da <strong>Monica Mondo<\/strong>, in onda la <strong>domenica alle ore 21.05<\/strong>, d\u00e0 voce a protagonisti del nostro tempo che, attraverso le proprie storie personali e professionali, offrono strumenti per comprendere il presente e immaginare il futuro.<\/p>\n<p dir=\"ltr\">Si comincia il 6 settembre con l\u2019<strong>architettura<\/strong> di Massimiliano Fuksas, si prosegue il 13 con le <strong>inchieste morali<\/strong> di Domenico Iannacone, il 20 con il <strong>cinema d\u2019autore<\/strong> dello scenografo premio Oscar Dante Ferretti e si chiude il 27 con la <strong>musica e la spiritualit\u00e0<\/strong> del cantautore Giovanni Caccamo.<\/p>\n<p dir=\"ltr\"><strong><a href=\"https:\/\/www.tv2000.it\/ufficiostampa\/wp-content\/uploads\/sites\/31\/2026\/09\/Fuksas_.jpg\"><img decoding=\"async\" class=\"alignleft wp-image-382155 size-medium\" src=\"https:\/\/www.tv2000.it\/ufficiostampa\/wp-content\/uploads\/sites\/31\/2026\/09\/Fuksas_-300x169.jpg\" alt=\"\" width=\"300\" height=\"169\" srcset=\"https:\/\/www.tv2000.it\/ufficiostampa\/wp-content\/uploads\/sites\/31\/2026\/09\/Fuksas_-300x169.jpg 300w, https:\/\/www.tv2000.it\/ufficiostampa\/wp-content\/uploads\/sites\/31\/2026\/09\/Fuksas_-1024x576.jpg 1024w, https:\/\/www.tv2000.it\/ufficiostampa\/wp-content\/uploads\/sites\/31\/2026\/09\/Fuksas_-768x432.jpg 768w, https:\/\/www.tv2000.it\/ufficiostampa\/wp-content\/uploads\/sites\/31\/2026\/09\/Fuksas_-1536x864.jpg 1536w, https:\/\/www.tv2000.it\/ufficiostampa\/wp-content\/uploads\/sites\/31\/2026\/09\/Fuksas_-48x27.jpg 48w, https:\/\/www.tv2000.it\/ufficiostampa\/wp-content\/uploads\/sites\/31\/2026\/09\/Fuksas_-280x158.jpg 280w, https:\/\/www.tv2000.it\/ufficiostampa\/wp-content\/uploads\/sites\/31\/2026\/09\/Fuksas_-650x366.jpg 650w, https:\/\/www.tv2000.it\/ufficiostampa\/wp-content\/uploads\/sites\/31\/2026\/09\/Fuksas_.jpg 1920w\" sizes=\"(max-width: 300px) 100vw, 300px\" \/><\/a>6 settembre \u2013 Massimiliano Fuksas.<\/strong> Tra i pi\u00f9 importanti e noti architetti italiani contemporanei, Fuksas rifiuta l\u2019etichetta di <strong>archistar<\/strong> e propone una visione <strong>non elitaria<\/strong> dell\u2019architettura, pensata come <strong>servizio alla gente e alla citt\u00e0<\/strong>. Nel corso dell\u2019intervista racconta il suo percorso tra <strong>design al servizio delle persone<\/strong>, <strong>visione sociale<\/strong> e vita personale, tra radici familiari, spirito <strong>rivoluzionario<\/strong> e una costante dimensione <strong>nomade<\/strong>.<\/p>\n<p>&nbsp;<\/p>\n<p dir=\"ltr\"><strong><a href=\"https:\/\/www.tv2000.it\/ufficiostampa\/wp-content\/uploads\/sites\/31\/2026\/09\/Iannacone_.jpg\"><img decoding=\"async\" class=\"alignleft wp-image-382156 size-medium\" src=\"https:\/\/www.tv2000.it\/ufficiostampa\/wp-content\/uploads\/sites\/31\/2026\/09\/Iannacone_-300x169.jpg\" alt=\"\" width=\"300\" height=\"169\" srcset=\"https:\/\/www.tv2000.it\/ufficiostampa\/wp-content\/uploads\/sites\/31\/2026\/09\/Iannacone_-300x169.jpg 300w, https:\/\/www.tv2000.it\/ufficiostampa\/wp-content\/uploads\/sites\/31\/2026\/09\/Iannacone_-1024x576.jpg 1024w, https:\/\/www.tv2000.it\/ufficiostampa\/wp-content\/uploads\/sites\/31\/2026\/09\/Iannacone_-768x432.jpg 768w, https:\/\/www.tv2000.it\/ufficiostampa\/wp-content\/uploads\/sites\/31\/2026\/09\/Iannacone_-1536x864.jpg 1536w, https:\/\/www.tv2000.it\/ufficiostampa\/wp-content\/uploads\/sites\/31\/2026\/09\/Iannacone_-48x27.jpg 48w, https:\/\/www.tv2000.it\/ufficiostampa\/wp-content\/uploads\/sites\/31\/2026\/09\/Iannacone_-280x158.jpg 280w, https:\/\/www.tv2000.it\/ufficiostampa\/wp-content\/uploads\/sites\/31\/2026\/09\/Iannacone_-650x366.jpg 650w, https:\/\/www.tv2000.it\/ufficiostampa\/wp-content\/uploads\/sites\/31\/2026\/09\/Iannacone_.jpg 1920w\" sizes=\"(max-width: 300px) 100vw, 300px\" \/><\/a>13 settembre \u2013 Domenico Iannacone.<\/strong> Il giornalista racconta il suo percorso umano e professionale, dagli esordi come autista di camion fino al lavoro nei pi\u00f9 importanti programmi di inchiesta televisiva. Al centro dell\u2019intervista le sue <strong>\u201cinchieste morali\u201d<\/strong>, una denuncia civile, senza polemiche, delle condizioni degli ultimi e degli umili, tra disabilit\u00e0, malattia mentale e solitudine, e lo spazio dedicato alla passione per la <strong>poesia<\/strong>.<\/p>\n<p>&nbsp;<\/p>\n<p dir=\"ltr\"><strong><a href=\"https:\/\/www.tv2000.it\/ufficiostampa\/wp-content\/uploads\/sites\/31\/2026\/09\/Ferretti_.jpg\"><img decoding=\"async\" class=\"alignleft wp-image-382157 size-medium\" src=\"https:\/\/www.tv2000.it\/ufficiostampa\/wp-content\/uploads\/sites\/31\/2026\/09\/Ferretti_-300x169.jpg\" alt=\"\" width=\"300\" height=\"169\" srcset=\"https:\/\/www.tv2000.it\/ufficiostampa\/wp-content\/uploads\/sites\/31\/2026\/09\/Ferretti_-300x169.jpg 300w, https:\/\/www.tv2000.it\/ufficiostampa\/wp-content\/uploads\/sites\/31\/2026\/09\/Ferretti_-1024x576.jpg 1024w, https:\/\/www.tv2000.it\/ufficiostampa\/wp-content\/uploads\/sites\/31\/2026\/09\/Ferretti_-768x432.jpg 768w, https:\/\/www.tv2000.it\/ufficiostampa\/wp-content\/uploads\/sites\/31\/2026\/09\/Ferretti_-1536x864.jpg 1536w, https:\/\/www.tv2000.it\/ufficiostampa\/wp-content\/uploads\/sites\/31\/2026\/09\/Ferretti_-48x27.jpg 48w, https:\/\/www.tv2000.it\/ufficiostampa\/wp-content\/uploads\/sites\/31\/2026\/09\/Ferretti_-280x158.jpg 280w, https:\/\/www.tv2000.it\/ufficiostampa\/wp-content\/uploads\/sites\/31\/2026\/09\/Ferretti_-650x366.jpg 650w, https:\/\/www.tv2000.it\/ufficiostampa\/wp-content\/uploads\/sites\/31\/2026\/09\/Ferretti_.jpg 1920w\" sizes=\"(max-width: 300px) 100vw, 300px\" \/><\/a>20 settembre \u2013 Dante Ferretti.<\/strong> Scenografo <strong>premio Oscar<\/strong>, protagonista del cinema internazionale accanto a registi come Pier Paolo Pasolini, Federico Fellini, Martin Scorsese e Tim Burton, Ferretti ripercorre in studio gli incontri con i grandi maestri del cinema insieme alla moglie <strong>Francesca Lo Schiavo<\/strong>. Al centro del racconto il legame tra <strong>creativit\u00e0<\/strong>, <strong>spiritualit\u00e0<\/strong> e memoria personale, tra Macerata, i ricordi della guerra e la gratitudine per la fede.<\/p>\n<p>&nbsp;<\/p>\n<p dir=\"ltr\"><strong><a href=\"https:\/\/www.tv2000.it\/ufficiostampa\/wp-content\/uploads\/sites\/31\/2026\/05\/Caccamo-Soul-2.png\"><img decoding=\"async\" class=\"alignleft wp-image-381683 size-medium\" src=\"https:\/\/www.tv2000.it\/ufficiostampa\/wp-content\/uploads\/sites\/31\/2026\/05\/Caccamo-Soul-2-300x169.png\" alt=\"\" width=\"300\" height=\"169\" srcset=\"https:\/\/www.tv2000.it\/ufficiostampa\/wp-content\/uploads\/sites\/31\/2026\/05\/Caccamo-Soul-2-300x169.png 300w, https:\/\/www.tv2000.it\/ufficiostampa\/wp-content\/uploads\/sites\/31\/2026\/05\/Caccamo-Soul-2-1024x576.png 1024w, https:\/\/www.tv2000.it\/ufficiostampa\/wp-content\/uploads\/sites\/31\/2026\/05\/Caccamo-Soul-2-768x432.png 768w, https:\/\/www.tv2000.it\/ufficiostampa\/wp-content\/uploads\/sites\/31\/2026\/05\/Caccamo-Soul-2-1536x864.png 1536w, https:\/\/www.tv2000.it\/ufficiostampa\/wp-content\/uploads\/sites\/31\/2026\/05\/Caccamo-Soul-2-48x27.png 48w, https:\/\/www.tv2000.it\/ufficiostampa\/wp-content\/uploads\/sites\/31\/2026\/05\/Caccamo-Soul-2-280x158.png 280w, https:\/\/www.tv2000.it\/ufficiostampa\/wp-content\/uploads\/sites\/31\/2026\/05\/Caccamo-Soul-2-650x366.png 650w, https:\/\/www.tv2000.it\/ufficiostampa\/wp-content\/uploads\/sites\/31\/2026\/05\/Caccamo-Soul-2.png 1920w\" sizes=\"(max-width: 300px) 100vw, 300px\" \/><\/a>27 settembre \u2013 Giovanni Caccamo.<\/strong> Il cantautore e scrittore racconta il suo percorso tra <strong>musica<\/strong>, <strong>scrittura<\/strong>, <strong>spiritualit\u00e0<\/strong> e <strong>impegno per i giovani<\/strong>, dagli esordi in radio e in tv fino alla scrittura impegnata e agli incontri con <strong>Patti Smith<\/strong> e con il suo maestro <strong>Franco Battiato<\/strong>. Spazio anche al progetto \u2018Parola\u2019, nato dall\u2019incontro con <strong>Andrea Camilleri<\/strong>, tra album, manifesto e libro dedicati alle parole che possono cambiare il mondo.<\/p>\n","protected":false},"excerpt":{"rendered":"A settembre, \u2018Soul\u2019 torna ad accompagnare il pubblico di Tv2000 con un percorso tra arte, impegno civile, spiritualit\u00e0 e creativit\u00e0. Il programma di interviste condotto da Monica Mondo, in onda la domenica alle ore 21.05, d\u00e0 voce a protagonisti del nostro tempo che, attraverso le proprie storie personali e professionali, offrono strumenti per comprendere il [&hellip;]","protected":false},"author":48,"featured_media":144797,"comment_status":"closed","ping_status":"open","sticky":false,"template":"","format":"standard","meta":{"_acf_changed":false,"footnotes":""},"categories":[10,7],"tags":[],"class_list":["post-382154","post","type-post","status-publish","format-standard","has-post-thumbnail","hentry","category-archivio-comunicati-stampa","category-programmi"],"acf":[],"aioseo_notices":[],"featured_image_url":"https:\/\/www.tv2000.it\/ufficiostampa\/wp-content\/uploads\/sites\/31\/2024\/02\/Soul-Monica-Mondo-1-1024x683.jpg","_links":{"self":[{"href":"https:\/\/www.tv2000.it\/ufficiostampa\/wp-json\/wp\/v2\/posts\/382154","targetHints":{"allow":["GET"]}}],"collection":[{"href":"https:\/\/www.tv2000.it\/ufficiostampa\/wp-json\/wp\/v2\/posts"}],"about":[{"href":"https:\/\/www.tv2000.it\/ufficiostampa\/wp-json\/wp\/v2\/types\/post"}],"author":[{"embeddable":true,"href":"https:\/\/www.tv2000.it\/ufficiostampa\/wp-json\/wp\/v2\/users\/48"}],"replies":[{"embeddable":true,"href":"https:\/\/www.tv2000.it\/ufficiostampa\/wp-json\/wp\/v2\/comments?post=382154"}],"version-history":[{"count":1,"href":"https:\/\/www.tv2000.it\/ufficiostampa\/wp-json\/wp\/v2\/posts\/382154\/revisions"}],"predecessor-version":[{"id":382158,"href":"https:\/\/www.tv2000.it\/ufficiostampa\/wp-json\/wp\/v2\/posts\/382154\/revisions\/382158"}],"wp:featuredmedia":[{"embeddable":true,"href":"https:\/\/www.tv2000.it\/ufficiostampa\/wp-json\/wp\/v2\/media\/144797"}],"wp:attachment":[{"href":"https:\/\/www.tv2000.it\/ufficiostampa\/wp-json\/wp\/v2\/media?parent=382154"}],"wp:term":[{"taxonomy":"category","embeddable":true,"href":"https:\/\/www.tv2000.it\/ufficiostampa\/wp-json\/wp\/v2\/categories?post=382154"},{"taxonomy":"post_tag","embeddable":true,"href":"https:\/\/www.tv2000.it\/ufficiostampa\/wp-json\/wp\/v2\/tags?post=382154"}],"curies":[{"name":"wp","href":"https:\/\/api.w.org\/{rel}","templated":true}]}}