{"id":382159,"date":"2026-09-04T11:35:45","date_gmt":"2026-09-04T09:35:45","guid":{"rendered":"https:\/\/www.tv2000.it\/ufficiostampa\/?p=382159"},"modified":"2026-09-04T11:42:01","modified_gmt":"2026-09-04T09:42:01","slug":"buongiorno-prof-felicita-tempo-liberta-e-grandi-domande-della-vita","status":"publish","type":"post","link":"https:\/\/www.tv2000.it\/ufficiostampa\/2026\/09\/04\/buongiorno-prof-felicita-tempo-liberta-e-grandi-domande-della-vita\/","title":{"rendered":"Buongiorno Prof: felicit\u00e0, tempo, libert\u00e0 e grandi domande della vita"},"content":{"rendered":"<p dir=\"ltr\">Prosegue su Tv2000 l&#8217;appuntamento con <strong>&#8216;Buongiorno Prof&#8217;<\/strong>, il programma che vede protagonisti il professor <strong>Pierluigi Pavone<\/strong> e gli studenti dell&#8217;Istituto Sant&#8217;Apollinare di Roma, in onda la <strong>domenica alle ore 9.20<\/strong>.<\/p>\n<p dir=\"ltr\">Le puntate di settembre e ottobre, prima dell&#8217;avvio della nuova stagione, continuano a offrire uno spazio di confronto sui grandi temi dell&#8217;esistenza, della crescita personale e della ricerca di senso. Si affrontano i temi della <strong>felicit\u00e0<\/strong>, del <strong>tempo<\/strong>, della <strong>libert\u00e0<\/strong>, del <strong>viaggio<\/strong>, dell&#8217;<strong>amicizia<\/strong> e del <strong>male<\/strong>, attraverso un percorso che intreccia filosofia, esperienza quotidiana e domande fondamentali sulla vita.<\/p>\n<figure id=\"attachment_353266\" aria-describedby=\"caption-attachment-353266\" style=\"width: 300px\" class=\"wp-caption alignleft\"><a href=\"https:\/\/www.tv2000.it\/ufficiostampa\/wp-content\/uploads\/sites\/31\/2025\/10\/Buongiornoprof000039.jpg\"><img decoding=\"async\" class=\"wp-image-353266 size-medium\" src=\"https:\/\/www.tv2000.it\/ufficiostampa\/wp-content\/uploads\/sites\/31\/2025\/10\/Buongiornoprof000039-300x200.jpg\" alt=\"\" width=\"300\" height=\"200\" srcset=\"https:\/\/www.tv2000.it\/ufficiostampa\/wp-content\/uploads\/sites\/31\/2025\/10\/Buongiornoprof000039-300x200.jpg 300w, https:\/\/www.tv2000.it\/ufficiostampa\/wp-content\/uploads\/sites\/31\/2025\/10\/Buongiornoprof000039-1024x682.jpg 1024w, https:\/\/www.tv2000.it\/ufficiostampa\/wp-content\/uploads\/sites\/31\/2025\/10\/Buongiornoprof000039-768x512.jpg 768w, https:\/\/www.tv2000.it\/ufficiostampa\/wp-content\/uploads\/sites\/31\/2025\/10\/Buongiornoprof000039-1536x1024.jpg 1536w, https:\/\/www.tv2000.it\/ufficiostampa\/wp-content\/uploads\/sites\/31\/2025\/10\/Buongiornoprof000039-2048x1365.jpg 2048w, https:\/\/www.tv2000.it\/ufficiostampa\/wp-content\/uploads\/sites\/31\/2025\/10\/Buongiornoprof000039-41x27.jpg 41w, https:\/\/www.tv2000.it\/ufficiostampa\/wp-content\/uploads\/sites\/31\/2025\/10\/Buongiornoprof000039-280x187.jpg 280w, https:\/\/www.tv2000.it\/ufficiostampa\/wp-content\/uploads\/sites\/31\/2025\/10\/Buongiornoprof000039-650x433.jpg 650w\" sizes=\"(max-width: 300px) 100vw, 300px\" \/><\/a><figcaption id=\"caption-attachment-353266\" class=\"wp-caption-text\">Buongiorno prof 2025-26_prof. Pierluigi Pavone in classe<\/figcaption><\/figure>\n<p dir=\"ltr\"><strong>Domenica 6 settembre \u2013 Verso la felicit\u00e0.<\/strong> Che cos\u2019\u00e8 davvero la <strong>felicit\u00e0<\/strong>? Un diritto, un\u2019emozione, o una ricerca che accompagna tutta la vita? Il professor Pierluigi Pavone dialoga con i ragazzi dell\u2019Istituto Sant\u2019Apollinare su uno dei temi pi\u00f9 antichi e profondi del pensiero umano: se sia sufficiente il <strong>benessere materiale<\/strong> o se, come insegnano i grandi filosofi, la vera felicit\u00e0 nasca dalla <strong>realizzazione di s\u00e9<\/strong> e da una dimensione pi\u00f9 interiore e spirituale. Una lezione che invita a guardarsi dentro, per scoprire che la felicit\u00e0 non si misura ma si riconosce: nei gesti quotidiani, nelle relazioni autentiche, nella capacit\u00e0 di dare senso alla propria vita.<\/p>\n<p dir=\"ltr\"><strong>Domenica 13 settembre \u2013 Non perdiamo tempo!<\/strong> Si parla del <strong>tempo<\/strong>: che cos\u2019\u00e8 davvero, spaventa o sostiene, \u00e8 qualcosa che si pu\u00f2 misurare o solo vivere? Partendo dalle sensazioni dei ragazzi \u2013 il tempo che si dilata quando ci si annoia, che si contrae quando si \u00e8 felici, il desiderio di futuro e la paura che tutto finisca troppo in fretta \u2013 la riflessione si allarga alle grandi domande della storia del pensiero: il tempo \u00e8 oggettivo o dipende dalla nostra coscienza? \u00c8 ciclico o lineare? Tra poesia, musica, <strong>filosofia e scienza<\/strong>, la puntata invita a ribaltare la prospettiva: non si deve riempire il tempo, \u00e8 il tempo a chiedere di essere abitato con <strong>scelte vere<\/strong>.<\/p>\n<p dir=\"ltr\"><strong>Domenica 20 settembre \u2013 Liberi da che cosa.<\/strong> Al centro della puntata la <strong>libert\u00e0<\/strong>: ci si interroga se ognuno desideri essere libero, ma libero da che cosa e, soprattutto, libero per che cosa. La libert\u00e0 \u00e8 spesso confusa con l\u2019assenza di limiti, con il \u201cfare ci\u00f2 che si vuole\u201d. Ma davvero \u00e8 questo che rende liberi? La vera libert\u00e0, si scopre, non \u00e8 quella che elimina i confini, ma quella che d\u00e0 forma alle <strong>scelte<\/strong>, permette di distinguere il bene dal male e di riconoscere un fine pi\u00f9 grande del proprio desiderio.<\/p>\n<p dir=\"ltr\"><strong>Domenica 27 settembre \u2013 Il viaggio.<\/strong> Si parla di <strong>viaggio<\/strong>, esplorazione, immaginazione, scoperta e conoscenza. Il professor Pavone e gli studenti distinguono tra il <strong>viaggio scelto<\/strong>, legato alla scoperta, all\u2019avventura e alla conoscenza, e altre forme di spostamento che non nascono da una scelta personale. L\u2019incontro evidenzia come il viaggio non sia soltanto uno spostamento nello spazio, ma un\u2019esperienza capace di <strong>mettere alla prova<\/strong> e allo stesso tempo <strong>arricchire<\/strong> chi lo compie, un\u2019occasione di <strong>crescita personale<\/strong>.<\/p>\n<p dir=\"ltr\"><strong>Domenica 4 ottobre \u2013 L\u2019amicizia.<\/strong> L\u2019<strong>amicizia<\/strong> esiste davvero o \u00e8 solo un\u2019illusione? Fin dall\u2019antichit\u00e0 l\u2019uomo si chiede se sia possibile un legame gratuito e sincero o se ognuno cerchi nell\u2019altro solo vantaggio, potere o convenienza. Anche oggi, in un mondo di relazioni rapide e spesso superficiali, distinguere gli amici veri da quelli \u201cdi passaggio\u201d sembra sempre pi\u00f9 difficile. La lezione riflette sul valore dell\u2019amicizia come <strong>sostegno reciproco<\/strong> e <strong>vita condivisa<\/strong>, un legame che nonostante delusioni e fragilit\u00e0 esiste davvero.<\/p>\n<p dir=\"ltr\"><strong>Domenica 11 ottobre \u2013 Che male!<\/strong> Si parla di <strong>male<\/strong>, relativismo, indifferenza e libert\u00e0. Dalla riflessione con gli studenti emerge che il male riguarda tutti, quando colpisce, quando si subisce, ma anche quando, senza accorgersene, si compie. La lezione indaga se il male sia solo una sensazione soggettiva o qualcosa che si possa riconoscere anche al di l\u00e0 delle percezioni personali, per poi soffermarsi su una verit\u00e0 scomoda: il male non nasce sempre da gesti clamorosi, ma spesso dall\u2019<strong>indifferenza<\/strong> e dall\u2019<strong>abitudine<\/strong>, diventando <strong>banale<\/strong> e <strong>quotidiano<\/strong>. Un percorso che invita a riconoscere che il male, prima di essere un concetto, \u00e8 una <strong>responsabilit\u00e0<\/strong> che interpella ciascuno.<\/p>\n<p dir=\"ltr\">\u2018Buongiorno Prof\u2019 va in onda anche su InBlu2000 la domenica alle ore 8.30 ed \u00e8 sempre disponibile on demand su Play2000.<\/p>\n","protected":false},"excerpt":{"rendered":"Prosegue su Tv2000 l&#8217;appuntamento con &#8216;Buongiorno Prof&#8217;, il programma che vede protagonisti il professor Pierluigi Pavone e gli studenti dell&#8217;Istituto Sant&#8217;Apollinare di Roma, in onda la domenica alle ore 9.20. Le puntate di settembre e ottobre, prima dell&#8217;avvio della nuova stagione, continuano a offrire uno spazio di confronto sui grandi temi dell&#8217;esistenza, della crescita personale [&hellip;]","protected":false},"author":48,"featured_media":353266,"comment_status":"closed","ping_status":"open","sticky":false,"template":"","format":"standard","meta":{"_acf_changed":false,"footnotes":""},"categories":[10,7],"tags":[],"class_list":["post-382159","post","type-post","status-publish","format-standard","has-post-thumbnail","hentry","category-archivio-comunicati-stampa","category-programmi"],"acf":[],"aioseo_notices":[],"featured_image_url":"https:\/\/www.tv2000.it\/ufficiostampa\/wp-content\/uploads\/sites\/31\/2025\/10\/Buongiornoprof000039-1024x682.jpg","_links":{"self":[{"href":"https:\/\/www.tv2000.it\/ufficiostampa\/wp-json\/wp\/v2\/posts\/382159","targetHints":{"allow":["GET"]}}],"collection":[{"href":"https:\/\/www.tv2000.it\/ufficiostampa\/wp-json\/wp\/v2\/posts"}],"about":[{"href":"https:\/\/www.tv2000.it\/ufficiostampa\/wp-json\/wp\/v2\/types\/post"}],"author":[{"embeddable":true,"href":"https:\/\/www.tv2000.it\/ufficiostampa\/wp-json\/wp\/v2\/users\/48"}],"replies":[{"embeddable":true,"href":"https:\/\/www.tv2000.it\/ufficiostampa\/wp-json\/wp\/v2\/comments?post=382159"}],"version-history":[{"count":1,"href":"https:\/\/www.tv2000.it\/ufficiostampa\/wp-json\/wp\/v2\/posts\/382159\/revisions"}],"predecessor-version":[{"id":382160,"href":"https:\/\/www.tv2000.it\/ufficiostampa\/wp-json\/wp\/v2\/posts\/382159\/revisions\/382160"}],"wp:featuredmedia":[{"embeddable":true,"href":"https:\/\/www.tv2000.it\/ufficiostampa\/wp-json\/wp\/v2\/media\/353266"}],"wp:attachment":[{"href":"https:\/\/www.tv2000.it\/ufficiostampa\/wp-json\/wp\/v2\/media?parent=382159"}],"wp:term":[{"taxonomy":"category","embeddable":true,"href":"https:\/\/www.tv2000.it\/ufficiostampa\/wp-json\/wp\/v2\/categories?post=382159"},{"taxonomy":"post_tag","embeddable":true,"href":"https:\/\/www.tv2000.it\/ufficiostampa\/wp-json\/wp\/v2\/tags?post=382159"}],"curies":[{"name":"wp","href":"https:\/\/api.w.org\/{rel}","templated":true}]}}