{"id":382165,"date":"2026-09-04T16:24:45","date_gmt":"2026-09-04T14:24:45","guid":{"rendered":"https:\/\/www.tv2000.it\/ufficiostampa\/?p=382165"},"modified":"2026-09-04T16:25:50","modified_gmt":"2026-09-04T14:25:50","slug":"su-play2000-la-messa-da-loreto-per-la-nativita-della-beata-vergine-maria","status":"publish","type":"post","link":"https:\/\/www.tv2000.it\/ufficiostampa\/2026\/09\/04\/su-play2000-la-messa-da-loreto-per-la-nativita-della-beata-vergine-maria\/","title":{"rendered":"Su Play2000 la Messa da Loreto per la Nativit\u00e0 della Beata Vergine Maria"},"content":{"rendered":"<p><em>Marted\u00ec 8 settembre alle ore 11.30<\/em><\/p>\n<p><a href=\"https:\/\/www.tv2000.it\/ufficiostampa\/wp-content\/uploads\/sites\/31\/2026\/09\/LoretoMadonna.jpeg\"><img decoding=\"async\" class=\"wp-image-382166 size-medium alignleft\" src=\"https:\/\/www.tv2000.it\/ufficiostampa\/wp-content\/uploads\/sites\/31\/2026\/09\/LoretoMadonna-300x200.jpeg\" alt=\"\" width=\"300\" height=\"200\" srcset=\"https:\/\/www.tv2000.it\/ufficiostampa\/wp-content\/uploads\/sites\/31\/2026\/09\/LoretoMadonna-300x200.jpeg 300w, https:\/\/www.tv2000.it\/ufficiostampa\/wp-content\/uploads\/sites\/31\/2026\/09\/LoretoMadonna-1024x682.jpeg 1024w, https:\/\/www.tv2000.it\/ufficiostampa\/wp-content\/uploads\/sites\/31\/2026\/09\/LoretoMadonna-768x512.jpeg 768w, https:\/\/www.tv2000.it\/ufficiostampa\/wp-content\/uploads\/sites\/31\/2026\/09\/LoretoMadonna-41x27.jpeg 41w, https:\/\/www.tv2000.it\/ufficiostampa\/wp-content\/uploads\/sites\/31\/2026\/09\/LoretoMadonna-280x187.jpeg 280w, https:\/\/www.tv2000.it\/ufficiostampa\/wp-content\/uploads\/sites\/31\/2026\/09\/LoretoMadonna-650x433.jpeg 650w, https:\/\/www.tv2000.it\/ufficiostampa\/wp-content\/uploads\/sites\/31\/2026\/09\/LoretoMadonna.jpeg 1280w\" sizes=\"(max-width: 300px) 100vw, 300px\" \/><\/a>Su Play2000, la piattaforma streaming di Tv2000 e radio inBlu2000, marted\u00ec 8 settembre alle ore 11.30, in diretta la Messa Solenne dalla Basilica Pontificia della Santa Casa di Loreto, in occasione della Solennit\u00e0 della Nativit\u00e0 della Beata Vergine Maria.<\/p>\n<p>La celebrazione sar\u00e0 presieduta da Mons. Fabio Dal Cin, Prelato e Delegato Pontificio. Nel corso della liturgia \u00e8 prevista l\u2019accensione della \u201cLampada della pace per il mondo\u201d.<\/p>\n<p>Al termine, la preghiera per la pace e l\u2019atto di affidamento alla Madonna di Loreto dei bambini posti nel corso dell\u2019anno sotto la sua materna protezione. La celebrazione si concluder\u00e0 sul sagrato della Basilica con la recita dell\u2019Angelus, la benedizione degli aerei e il tradizionale sorvolo dell\u2019Aeronautica Militare Italiana in omaggio alla Vergine.<\/p>\n<p>La celebrazione sar\u00e0 disponibile anche on demand<strong>.<\/strong><\/p>\n","protected":false},"excerpt":{"rendered":"Marted\u00ec 8 settembre alle ore 11.30 Su Play2000, la piattaforma streaming di Tv2000 e radio inBlu2000, marted\u00ec 8 settembre alle ore 11.30, in diretta la Messa Solenne dalla Basilica Pontificia della Santa Casa di Loreto, in occasione della Solennit\u00e0 della Nativit\u00e0 della Beata Vergine Maria. La celebrazione sar\u00e0 presieduta da Mons. Fabio Dal Cin, Prelato [&hellip;]","protected":false},"author":48,"featured_media":382166,"comment_status":"closed","ping_status":"open","sticky":false,"template":"","format":"standard","meta":{"_acf_changed":false,"footnotes":""},"categories":[10,668],"tags":[],"class_list":["post-382165","post","type-post","status-publish","format-standard","has-post-thumbnail","hentry","category-archivio-comunicati-stampa","category-play2000"],"acf":[],"aioseo_notices":[],"featured_image_url":"https:\/\/www.tv2000.it\/ufficiostampa\/wp-content\/uploads\/sites\/31\/2026\/09\/LoretoMadonna-1024x682.jpeg","_links":{"self":[{"href":"https:\/\/www.tv2000.it\/ufficiostampa\/wp-json\/wp\/v2\/posts\/382165","targetHints":{"allow":["GET"]}}],"collection":[{"href":"https:\/\/www.tv2000.it\/ufficiostampa\/wp-json\/wp\/v2\/posts"}],"about":[{"href":"https:\/\/www.tv2000.it\/ufficiostampa\/wp-json\/wp\/v2\/types\/post"}],"author":[{"embeddable":true,"href":"https:\/\/www.tv2000.it\/ufficiostampa\/wp-json\/wp\/v2\/users\/48"}],"replies":[{"embeddable":true,"href":"https:\/\/www.tv2000.it\/ufficiostampa\/wp-json\/wp\/v2\/comments?post=382165"}],"version-history":[{"count":1,"href":"https:\/\/www.tv2000.it\/ufficiostampa\/wp-json\/wp\/v2\/posts\/382165\/revisions"}],"predecessor-version":[{"id":382167,"href":"https:\/\/www.tv2000.it\/ufficiostampa\/wp-json\/wp\/v2\/posts\/382165\/revisions\/382167"}],"wp:featuredmedia":[{"embeddable":true,"href":"https:\/\/www.tv2000.it\/ufficiostampa\/wp-json\/wp\/v2\/media\/382166"}],"wp:attachment":[{"href":"https:\/\/www.tv2000.it\/ufficiostampa\/wp-json\/wp\/v2\/media?parent=382165"}],"wp:term":[{"taxonomy":"category","embeddable":true,"href":"https:\/\/www.tv2000.it\/ufficiostampa\/wp-json\/wp\/v2\/categories?post=382165"},{"taxonomy":"post_tag","embeddable":true,"href":"https:\/\/www.tv2000.it\/ufficiostampa\/wp-json\/wp\/v2\/tags?post=382165"}],"curies":[{"name":"wp","href":"https:\/\/api.w.org\/{rel}","templated":true}]}}