{"id":3945,"date":"2015-07-02T12:09:38","date_gmt":"2015-07-02T10:09:38","guid":{"rendered":"http:\/\/www.tv2000.it\/?p=3945"},"modified":"2015-07-02T12:09:38","modified_gmt":"2015-07-02T10:09:38","slug":"tv2000-bocelli-domani-in-concerto-la-musica-strumento-dunita-della-fede","status":"publish","type":"post","link":"https:\/\/www.tv2000.it\/ufficiostampa\/2015\/07\/02\/tv2000-bocelli-domani-in-concerto-la-musica-strumento-dunita-della-fede\/","title":{"rendered":"Tv2000, Bocelli domani in concerto: \u201cLa musica strumento d\u2019unit\u00e0 della fede\u201d"},"content":{"rendered":"<p>Roma, 2 luglio 2015. \u201cLa musica tenta di riunire le diverse fedi, \u00e8 la cosa pi\u00f9 naturale e bella che si possa immaginare\u201d. Cos\u00ec Andrea Bocelli, ai microfoni di Tv2000, racconta il rapporto tra musica e fede alla vigilia del \u201cConcerto in preghiera\u201d che si terr\u00e0 domani in piazza San Pietro in occasione del doppio appuntamento, 3 e 4 luglio 2015, della 38ma Convocazione del Rinnovamento nello Spirito Santo. Tv2000 trasmette domani in diretta \u201cVie di unit\u00e0 e di pace \u2013 Voci in preghiera per i martiri di oggi e per un ecumenismo spirituale\u201d, una straordinaria e originale iniziativa che dar\u00e0 il via alla Convocazione del Rinnovamento nello Spirito. Una due giorni di preghiera, spiritualit\u00e0 ed evangelizzazione che prosegue nella giornata di sabato 4 luglio allo Stadio Olimpico. L\u2019evento in programma \u00e8 condotto da Francesca Fialdini e vede la partecipazione dei noti artisti internazionali Andrea Bocelli e dell\u2019israeliana Noa, nonch\u00e9 di cantanti e worship leader come Don Moen dagli Stati Uniti e Darlene Zschech dall\u2019Australia.<br \/>\n\u201cLa logica vorrebbe \u2013 ha aggiunto Bocelli &#8211; che quando uno ha fede dovrebbe rendersi conto che Dio c\u2019\u00e8 o non c\u2019\u00e8, e se c\u2019\u00e8, \u00e8 uno per tutti, non ce ne possono essere pi\u00f9 di uno\u201d. L\u2019artista sottolinea, inoltre, che cantare in piazza San Pietro \u201cda\u2019 il senso dell\u2019incredibile perch\u00e9 questo \u00e8 un luogo che non si pu\u00f2 raccontare, \u00e8 pieno di sensazioni e arte. Oltre che per un artista, piazza San Pietro \u00e8 qualcosa d\u2019inesprimibile anche per un fedele. Essere qui \u00e8 sempre una grande emozione\u201d.<br \/>\nBocelli, nell\u2019intervista a Tv2000, ricorda che la sacralit\u00e0 \u00e8 insita nella musica, infatti, \u201cSant\u2019Agostino diceva che \u2018chi canta, prega due volte\u2019, questo significa che ho pregato tanto durante la vita\u201d.<br \/>\nDomani, conclude il cantante, \u201cspero di trasmettere al pubblico un\u2019emozione positiva, possibilmente donando un messaggio e un invito alla meditazione e alla riflessione. Riflettere su quello che sar\u00e0, credo che sia il senso della vita. La vita \u00e8 un segmento breve e dopo c\u2019\u00e8 l\u2019eterno: conviene pensarci\u201d.<\/p>\n","protected":false},"excerpt":{"rendered":"Roma, 2 luglio 2015. \u201cLa musica tenta di riunire le diverse fedi, \u00e8 la cosa pi\u00f9 naturale e bella che si possa immaginare\u201d. Cos\u00ec Andrea Bocelli, ai microfoni di Tv2000, racconta il rapporto tra musica e fede alla vigilia del \u201cConcerto in preghiera\u201d che si terr\u00e0 domani in piazza San Pietro in occasione del doppio [&hellip;]","protected":false},"author":5,"featured_media":0,"comment_status":"closed","ping_status":"closed","sticky":false,"template":"","format":"standard","meta":{"_acf_changed":false,"footnotes":""},"categories":[10],"tags":[],"class_list":["post-3945","post","type-post","status-publish","format-standard","hentry","category-archivio-comunicati-stampa"],"acf":[],"aioseo_notices":[],"_links":{"self":[{"href":"https:\/\/www.tv2000.it\/ufficiostampa\/wp-json\/wp\/v2\/posts\/3945","targetHints":{"allow":["GET"]}}],"collection":[{"href":"https:\/\/www.tv2000.it\/ufficiostampa\/wp-json\/wp\/v2\/posts"}],"about":[{"href":"https:\/\/www.tv2000.it\/ufficiostampa\/wp-json\/wp\/v2\/types\/post"}],"author":[{"embeddable":true,"href":"https:\/\/www.tv2000.it\/ufficiostampa\/wp-json\/wp\/v2\/users\/5"}],"replies":[{"embeddable":true,"href":"https:\/\/www.tv2000.it\/ufficiostampa\/wp-json\/wp\/v2\/comments?post=3945"}],"version-history":[{"count":0,"href":"https:\/\/www.tv2000.it\/ufficiostampa\/wp-json\/wp\/v2\/posts\/3945\/revisions"}],"wp:attachment":[{"href":"https:\/\/www.tv2000.it\/ufficiostampa\/wp-json\/wp\/v2\/media?parent=3945"}],"wp:term":[{"taxonomy":"category","embeddable":true,"href":"https:\/\/www.tv2000.it\/ufficiostampa\/wp-json\/wp\/v2\/categories?post=3945"},{"taxonomy":"post_tag","embeddable":true,"href":"https:\/\/www.tv2000.it\/ufficiostampa\/wp-json\/wp\/v2\/tags?post=3945"}],"curies":[{"name":"wp","href":"https:\/\/api.w.org\/{rel}","templated":true}]}}