{"id":4401,"date":"2015-11-16T19:15:02","date_gmt":"2015-11-16T18:15:02","guid":{"rendered":"http:\/\/www.radioinblu.it\/?p=4401"},"modified":"2015-11-16T19:15:02","modified_gmt":"2015-11-16T18:15:02","slug":"parigi-imam-veneto-tragedia-offende-nostra-religione","status":"publish","type":"post","link":"https:\/\/www.tv2000.it\/ufficiostampa\/2015\/11\/16\/parigi-imam-veneto-tragedia-offende-nostra-religione\/","title":{"rendered":"Parigi, imam Veneto: \u201cTragedia offende nostra religione\u201d"},"content":{"rendered":"<p><a href=\"http:\/\/www.tv2000.it\/radioinblu\/wp-content\/uploads\/sites\/5\/2015\/11\/PArigi.jpg\"><img decoding=\"async\" class=\" size-medium wp-image-4402 alignright\" src=\"http:\/\/www.tv2000.it\/radioinblu\/wp-content\/uploads\/sites\/5\/2015\/11\/PArigi-300x200.jpg\" alt=\"PArigi\" width=\"300\" height=\"200\" \/><\/a>Roma, 16 novembre 2015 \u2013 \u201cI musulmani che vivono in Italia rinnegano e condannano con le parole pi\u00f9 ferme e decise questa malvagit\u00e0: non lo possiamo accettare perch\u00e9 da questa tragedia la nostra religione \u00e8 stata offesa\u201d. Lo ha detto Kamel Layachi, imam nel Veneto e responsabile nazionale dipartimento dialogo interreligioso e formazione del C.R.I.I., Consiglio delle relazioni islamiche italiane, in un\u2019intervista a inBlu Radio, network delle radio cattoliche italiane, commentando la morte di Valeria Solesin, la 28enne di Venezia uccisa al \u2019Bataclan\u2019.\u00a0<em><br \/>\n<\/em><\/p>\n<p>\u201cLa perdita di una ragazza giovane \u2013 ha aggiunto Layachi\u00a0 &#8211; \u00e8 una sconfitta per l\u2019umanit\u00e0 intera. Oggi i musulmani d\u2019Italia fanno parte del fronte comune che vuole contrastare queste malvagit\u00e0 e atrocit\u00e0. I musulmani sono parte della soluzione e non parte del problema\u201d.<br \/>\n\u201cQualcuno ha ucciso \u2013 ha sottolineato Layachi\u00a0 &#8211; dicendo \u2018Allah \u00e8 grande\u2019. E\u2019 vero che Dio \u00e8 il pi\u00f9 grande ma \u00e8 anche pi\u00f9 grande del male e della corruzione che stanno spargendo sulla terra. E\u2019 per questo che noi vogliamo riappropriarci dei nostri testi sacri e simboli religiosi combattendo questa guerra culturale. Vogliamo partecipare al contrasto di questa disumanit\u00e0\u201d.<\/p>\n","protected":false},"excerpt":{"rendered":"Roma, 16 novembre 2015 \u2013 \u201cI musulmani che vivono in Italia rinnegano e condannano con le parole pi\u00f9 ferme e decise questa malvagit\u00e0: non lo possiamo accettare perch\u00e9 da questa tragedia la nostra religione \u00e8 stata offesa\u201d. Lo ha detto Kamel Layachi, imam nel Veneto e responsabile nazionale dipartimento dialogo interreligioso e formazione del C.R.I.I., [&hellip;]","protected":false},"author":22,"featured_media":4402,"comment_status":"closed","ping_status":"closed","sticky":false,"template":"","format":"standard","meta":{"_acf_changed":false,"footnotes":""},"categories":[10],"tags":[],"class_list":["post-4401","post","type-post","status-publish","format-standard","has-post-thumbnail","hentry","category-archivio-comunicati-stampa"],"acf":[],"aioseo_notices":[],"_links":{"self":[{"href":"https:\/\/www.tv2000.it\/ufficiostampa\/wp-json\/wp\/v2\/posts\/4401","targetHints":{"allow":["GET"]}}],"collection":[{"href":"https:\/\/www.tv2000.it\/ufficiostampa\/wp-json\/wp\/v2\/posts"}],"about":[{"href":"https:\/\/www.tv2000.it\/ufficiostampa\/wp-json\/wp\/v2\/types\/post"}],"author":[{"embeddable":true,"href":"https:\/\/www.tv2000.it\/ufficiostampa\/wp-json\/wp\/v2\/users\/22"}],"replies":[{"embeddable":true,"href":"https:\/\/www.tv2000.it\/ufficiostampa\/wp-json\/wp\/v2\/comments?post=4401"}],"version-history":[{"count":0,"href":"https:\/\/www.tv2000.it\/ufficiostampa\/wp-json\/wp\/v2\/posts\/4401\/revisions"}],"wp:featuredmedia":[{"embeddable":true,"href":"https:\/\/www.tv2000.it\/ufficiostampa\/wp-json\/"}],"wp:attachment":[{"href":"https:\/\/www.tv2000.it\/ufficiostampa\/wp-json\/wp\/v2\/media?parent=4401"}],"wp:term":[{"taxonomy":"category","embeddable":true,"href":"https:\/\/www.tv2000.it\/ufficiostampa\/wp-json\/wp\/v2\/categories?post=4401"},{"taxonomy":"post_tag","embeddable":true,"href":"https:\/\/www.tv2000.it\/ufficiostampa\/wp-json\/wp\/v2\/tags?post=4401"}],"curies":[{"name":"wp","href":"https:\/\/api.w.org\/{rel}","templated":true}]}}