{"id":4404,"date":"2015-11-16T19:16:40","date_gmt":"2015-11-16T18:16:40","guid":{"rendered":"http:\/\/www.radioinblu.it\/?p=4404"},"modified":"2015-11-16T19:16:40","modified_gmt":"2015-11-16T18:16:40","slug":"siria-mons-paglia-dal-papa-110-mila-euro-per-famiglie-damasco-2","status":"publish","type":"post","link":"https:\/\/www.tv2000.it\/ufficiostampa\/2015\/11\/16\/siria-mons-paglia-dal-papa-110-mila-euro-per-famiglie-damasco-2\/","title":{"rendered":"Siria, mons. Paglia: \u201cDal Papa 110 mila euro per famiglie Damasco\u201d"},"content":{"rendered":"<p><a href=\"http:\/\/www.tv2000.it\/radioinblu\/wp-content\/uploads\/sites\/5\/2015\/11\/mons.-Paglia.jpg\"><img decoding=\"async\" class=\" size-medium wp-image-4385 alignright\" src=\"http:\/\/www.tv2000.it\/radioinblu\/wp-content\/uploads\/sites\/5\/2015\/11\/mons.-Paglia-300x187.jpg\" alt=\"mons. Paglia\" width=\"300\" height=\"187\" \/><\/a>Roma, 16 novembre 2015 \u2013 \u201cSono andato per portare 6 mila copie del Vangelo di Luca in arabo e un aiuto di 110 mila euro da parte del Papa per venire incontro ad alcune famiglie che nel prossimo inverno dovranno sopportare un freddo terribile. E\u2019 un segno di vicinanza, sostegno, amicizia e solidariet\u00e0 del Papa a queste famiglie che stanno vivendo da 5 anni il dramma terribile della guerra\u201d. Lo ha detto il presidente del Pontificio Consiglio per la Famiglia, mons. Vincenzo Paglia, in un\u2019intervista a inBlu Radio, network delle <a href=\"https:\/\/it.wikipedia.org\/wiki\/Radio_%28mass_media%29\">radio<\/a> <a href=\"https:\/\/it.wikipedia.org\/wiki\/Chiesa_cattolica\">cattoliche<\/a> <a href=\"https:\/\/it.wikipedia.org\/wiki\/Italia\">italiane<\/a>, tornato da una missione di due giorni a Damasco in Siria.<\/p>\n<p>\u201cIl messaggio che ho portato \u2013 ha spiegato mons. Paglia &#8211; era legato all\u2019incontro mondiale delle famiglie a Philadelphia. In quell\u2019occasione infatti avevamo invitato una famiglia di Damasco per ricevere il vangelo e riportarlo nel proprio Paese\u201d.<br \/>\n\u201cLa cifra stanziata \u2013 ha spiegato mons. Paglia &#8211; \u00e8 destinata ai pi\u00f9 bisognosi, saranno i vescovi a decidere a chi donarla. Servir\u00e0 anche per riscaldare le case delle famiglie che dovranno vivere un inverno durissimo a Damasco. Un gesto, se pur piccolo ma concreto, che ha portato grande consolazione ad alcune famiglie. Anche il mondo musulmano guarda al Papa come l\u2019unico che potrebbe far tornare la pace, l\u2019unico sul quale confidano perch\u00e9 non ha nulla da difendere per s\u00e9\u201d.<br \/>\n\u201cCinque anni di guerra \u2013 ha sottolineato mons. Paglia &#8211; significa uccidere la speranza e la convivenza. Ho trovato una citt\u00e0 che pur non essendo nel cuore del conflitto ogni giorno risente del rumore dei mortai che cadono senza ragione e uccidono persone e bambini. La guerra \u00e8 la madre di tutte le povert\u00e0. Ho visto con i miei occhi tante famiglie che vogliono scappare e uscire dal Paese e poi tantissimi giovani che scappano per evitare il servizio militare. Resta comunque la voglia di pace. Ho sentito molte famiglie cristiane dire: \u2018Dobbiamo portare il fermento cristiano nel Paese\u2019\u201d.<br \/>\n\u201cIl Papa \u2013 ha raccontato mons. Paglia &#8211; era commosso per l\u2019affetto trasmesso da tutte le persone che ho incontrato a Damasco. Tutti ricordiamo la notte di due anni fa a settembre in Piazza San Pietro quando il Papa ci radun\u00f2 in preghiera per impedire l\u2019aggravarsi del conflitto in Siria. Grazie a Dio ottenne un effetto positivo. Francesco era colpito per la fiducia che tutti in Siria ripongono in lui: \u00e8 una figura di padre che senza interessi personali vuole che tutti vivano in serenit\u00e0 e pace\u201d.<\/p>\n","protected":false},"excerpt":{"rendered":"Roma, 16 novembre 2015 \u2013 \u201cSono andato per portare 6 mila copie del Vangelo di Luca in arabo e un aiuto di 110 mila euro da parte del Papa per venire incontro ad alcune famiglie che nel prossimo inverno dovranno sopportare un freddo terribile. E\u2019 un segno di vicinanza, sostegno, amicizia e solidariet\u00e0 del Papa [&hellip;]","protected":false},"author":22,"featured_media":4385,"comment_status":"closed","ping_status":"closed","sticky":false,"template":"","format":"standard","meta":{"_acf_changed":false,"footnotes":""},"categories":[10],"tags":[],"class_list":["post-4404","post","type-post","status-publish","format-standard","has-post-thumbnail","hentry","category-archivio-comunicati-stampa"],"acf":[],"aioseo_notices":[],"_links":{"self":[{"href":"https:\/\/www.tv2000.it\/ufficiostampa\/wp-json\/wp\/v2\/posts\/4404","targetHints":{"allow":["GET"]}}],"collection":[{"href":"https:\/\/www.tv2000.it\/ufficiostampa\/wp-json\/wp\/v2\/posts"}],"about":[{"href":"https:\/\/www.tv2000.it\/ufficiostampa\/wp-json\/wp\/v2\/types\/post"}],"author":[{"embeddable":true,"href":"https:\/\/www.tv2000.it\/ufficiostampa\/wp-json\/wp\/v2\/users\/22"}],"replies":[{"embeddable":true,"href":"https:\/\/www.tv2000.it\/ufficiostampa\/wp-json\/wp\/v2\/comments?post=4404"}],"version-history":[{"count":0,"href":"https:\/\/www.tv2000.it\/ufficiostampa\/wp-json\/wp\/v2\/posts\/4404\/revisions"}],"wp:featuredmedia":[{"embeddable":true,"href":"https:\/\/www.tv2000.it\/ufficiostampa\/wp-json\/"}],"wp:attachment":[{"href":"https:\/\/www.tv2000.it\/ufficiostampa\/wp-json\/wp\/v2\/media?parent=4404"}],"wp:term":[{"taxonomy":"category","embeddable":true,"href":"https:\/\/www.tv2000.it\/ufficiostampa\/wp-json\/wp\/v2\/categories?post=4404"},{"taxonomy":"post_tag","embeddable":true,"href":"https:\/\/www.tv2000.it\/ufficiostampa\/wp-json\/wp\/v2\/tags?post=4404"}],"curies":[{"name":"wp","href":"https:\/\/api.w.org\/{rel}","templated":true}]}}