{"id":4428,"date":"2015-11-17T17:39:29","date_gmt":"2015-11-17T16:39:29","guid":{"rendered":"http:\/\/www.radioinblu.it\/?p=4428"},"modified":"2015-11-17T17:39:29","modified_gmt":"2015-11-17T16:39:29","slug":"papa-comunita-ebraica-roma-incontrera-gente-ed-ex-deportati","status":"publish","type":"post","link":"https:\/\/www.tv2000.it\/ufficiostampa\/2015\/11\/17\/papa-comunita-ebraica-roma-incontrera-gente-ed-ex-deportati\/","title":{"rendered":"Papa, Comunit\u00e0 ebraica Roma: \u201cIncontrer\u00e0 gente ed ex deportati\u201d"},"content":{"rendered":"<p><a href=\"http:\/\/www.tv2000.it\/radioinblu\/wp-content\/uploads\/sites\/5\/2015\/11\/papa-ebrei.jpg\"><img decoding=\"async\" class=\" size-medium wp-image-4429 alignright\" src=\"http:\/\/www.tv2000.it\/radioinblu\/wp-content\/uploads\/sites\/5\/2015\/11\/papa-ebrei-300x200.jpg\" alt=\"papa-ebrei\" width=\"300\" height=\"200\" \/><\/a>Roma, 17 novembre 2015 \u2013 \u201cNon vedremo in prima fila le istituzioni ma la gente della comunit\u00e0 ebraica: da chi si occupa dei poveri ai giovani, fino agli ex deportati. Sar\u00e0 una visita vera\u201d. Cos\u00ec il portavoce della Comunit\u00e0 ebraica di Roma, Fabio Perugia, in un\u2019intervista a inBlu Radio, network delle radio cattoliche italiane, ha anticipato alcuni particolari della visita di Papa Francesco alla Sinagoga di Roma prevista il 17 gennaio 2016.<br \/>\n<span style=\"line-height: 1.5\">\u201cSicuramente la visita del Papa \u2013 ha aggiunto Perugia &#8211; sar\u00e0 con i membri e la gente della nostra comunit\u00e0 romana, non sar\u00e0 una visita istituzionale e ingessata\u201d ma \u201cl\u2019occasione per mostrare al Papa quali sono le diverse sfaccettature di una comunit\u00e0 con la quale il Vaticano convive da secoli nella stessa citt\u00e0\u201d.<\/span><\/p>\n<p>\u201cE\u2019 la terza visita \u2013 ha ricordato il portavoce &#8211; di un Papa alla Sinagoga maggiore di Roma, dopo quella del 1986 di Giovanni Paolo II e quella di Benedetto XVI 5 anni fa. E\u2019 una visita importante perch\u00e9 nel percorso del dialogo nulla deve essere mai dato per scontato e non era scontato che ci potesse essere una nuova visita. Siamo sempre attenti al percorso comune e riteniamo ogni passo importante. La visita di Papa Francesco non segue un rituale ereditato dai suoi predecessori ma si rinnova di sentimento e si coprir\u00e0 di nuovi significati\u201d.<br \/>\n\u201cLa visita \u2013 ha concluso Perugia &#8211; sar\u00e0 un vestito su misura secondo il pontificato di Francesco. Ecco perch\u00e9 il contatto con la gente e la pancia della nostra comunit\u00e0. La visita dovrebbe durare circa un\u2019ora e mezza: ci sar\u00e0 un momento importante all\u2019interno del tempio con i discorsi ufficiali e la possibilit\u00e0 di far partecipare a questo momento i grandi rabbini che vorranno accorrere al Tempio Maggiore per assistere alla cerimonia. Il rabbino capo nelle prossime settimane inviter\u00e0 i rappresentanti dell\u2019ebraismo che si relazionano con Roma e con l\u2019altra parte del Tevere\u201d.<\/p>\n<p>Intervista di Rita Salerno:<\/p>\n<!-- ERRORE KALTURA: SSL certificate problem: certificate has expired. RC : 0 -->\n","protected":false},"excerpt":{"rendered":"Roma, 17 novembre 2015 \u2013 \u201cNon vedremo in prima fila le istituzioni ma la gente della comunit\u00e0 ebraica: da chi si occupa dei poveri ai giovani, fino agli ex deportati. Sar\u00e0 una visita vera\u201d. Cos\u00ec il portavoce della Comunit\u00e0 ebraica di Roma, Fabio Perugia, in un\u2019intervista a inBlu Radio, network delle radio cattoliche italiane, ha [&hellip;]","protected":false},"author":22,"featured_media":4429,"comment_status":"closed","ping_status":"closed","sticky":false,"template":"","format":"standard","meta":{"_acf_changed":false,"footnotes":""},"categories":[10,15,13],"tags":[],"class_list":["post-4428","post","type-post","status-publish","format-standard","has-post-thumbnail","hentry","category-archivio-comunicati-stampa","category-informazione","category-news"],"acf":[],"aioseo_notices":[],"_links":{"self":[{"href":"https:\/\/www.tv2000.it\/ufficiostampa\/wp-json\/wp\/v2\/posts\/4428","targetHints":{"allow":["GET"]}}],"collection":[{"href":"https:\/\/www.tv2000.it\/ufficiostampa\/wp-json\/wp\/v2\/posts"}],"about":[{"href":"https:\/\/www.tv2000.it\/ufficiostampa\/wp-json\/wp\/v2\/types\/post"}],"author":[{"embeddable":true,"href":"https:\/\/www.tv2000.it\/ufficiostampa\/wp-json\/wp\/v2\/users\/22"}],"replies":[{"embeddable":true,"href":"https:\/\/www.tv2000.it\/ufficiostampa\/wp-json\/wp\/v2\/comments?post=4428"}],"version-history":[{"count":0,"href":"https:\/\/www.tv2000.it\/ufficiostampa\/wp-json\/wp\/v2\/posts\/4428\/revisions"}],"wp:featuredmedia":[{"embeddable":true,"href":"https:\/\/www.tv2000.it\/ufficiostampa\/wp-json\/"}],"wp:attachment":[{"href":"https:\/\/www.tv2000.it\/ufficiostampa\/wp-json\/wp\/v2\/media?parent=4428"}],"wp:term":[{"taxonomy":"category","embeddable":true,"href":"https:\/\/www.tv2000.it\/ufficiostampa\/wp-json\/wp\/v2\/categories?post=4428"},{"taxonomy":"post_tag","embeddable":true,"href":"https:\/\/www.tv2000.it\/ufficiostampa\/wp-json\/wp\/v2\/tags?post=4428"}],"curies":[{"name":"wp","href":"https:\/\/api.w.org\/{rel}","templated":true}]}}