{"id":4489,"date":"2015-11-19T18:09:43","date_gmt":"2015-11-19T17:09:43","guid":{"rendered":"http:\/\/www.radioinblu.it\/?p=4489"},"modified":"2015-11-19T18:09:43","modified_gmt":"2015-11-19T17:09:43","slug":"papa-nunzio-centrafrica-penso-che-la-visita-venga-confermata","status":"publish","type":"post","link":"https:\/\/www.tv2000.it\/ufficiostampa\/2015\/11\/19\/papa-nunzio-centrafrica-penso-che-la-visita-venga-confermata\/","title":{"rendered":"Papa, nunzio Centrafrica: \u201cPenso che la visita venga confermata\u201d"},"content":{"rendered":"<p><a href=\"http:\/\/www.tv2000.it\/radioinblu\/wp-content\/uploads\/sites\/5\/2015\/11\/Papa-Firenze-2.jpg\"><img decoding=\"async\" class=\" size-medium wp-image-4176 alignright\" src=\"http:\/\/www.tv2000.it\/radioinblu\/wp-content\/uploads\/sites\/5\/2015\/11\/Papa-Firenze-2-300x192.jpg\" alt=\"280814-010\" width=\"300\" height=\"192\" \/><\/a>Sui timori per viaggio del Papa in Centrafrica, Giorgia Bresciani ha raggiunto al telefono, a Bangui, il nunzio apostolico nel Paese, monsignor Franco Coppola che assicura: &#8220;Se la situazione resta cos\u00ec, il viaggio si far\u00e0&#8221;.<\/p>\n<p>&nbsp;<\/p>\n<p>Roma, 19 novembre 2015 \u2013 \u201cSe la situazione in Centrafrica resta com\u2019\u00e8 adesso la visita sar\u00e0 confermata\u201d. Lo ha detto il nunzio apostolico in Centrafrica, mons. Franco Coppola, in un\u2019intervista a inBlu Radio, network delle radio cattoliche italiane, in merito al viaggio di Papa Francesco nella Repubblica Centrafricana.<em><br \/>\n<\/em><\/p>\n<p>\u201cStiamo vedendo ogni giorno &#8211; ha aggiunto mons. Coppola &#8211; un ulteriore miglioramento dell\u2019ambiente. La gente comincia a credere nella visita del Papa. La popolazione \u00e8 disturbata dalle notizie sulla preoccupazione per la visita di Francesco. La gente \u00e8 convinta che qualcuno stia cercando di rubarle la visita del Papa\u201d ma \u201cse non accadono situazioni nuove la visita si far\u00e0\u201d.<br \/>\n\u201cAbbiamo preso contatti \u2013 ha proseguito mons. Coppola &#8211; con tutte le differenti comunit\u00e0 e tutti vedono nella visita del Papa un\u2019opportunit\u00e0 per il Paese. Vedono il Papa come un uomo di Dio, di pace, aperto e sensibile alla condizione delle persone pi\u00f9 svantaggiate. L\u2019attenzione del Papa per il Centrafrica, che aspira alla pace e vive nell\u2019estrema povert\u00e0, \u00e8 qualcosa che riempie la gente di gioia\u201d.<br \/>\n\u201cIl Papa \u2013 ha rivelato mons. Coppola &#8211; ha programmato di incontrare nel pomeriggio della domenica la comunit\u00e0 protestante: andr\u00e0 nella Facolt\u00e0 teologica degli evangelici a Bangui. E la mattina del luned\u00ec si recher\u00e0 alla Moschea centrale dove incontrer\u00e0 la comunit\u00e0 musulmana\u201d.<br \/>\n\u201cQui il conflitto \u2013 ha concluso mons. Coppola &#8211; non ha una natura religiosa, non esiste assolutamente l\u2019animosit\u00e0 nei confronti della fede dell\u2019altro. Qui c\u2019\u00e8 un problema di esclusione sociale che lamenta la parte musulmana. I musulmani si sentono esclusi dai benefici della societ\u00e0 e quindi desiderano una maggiore giustizia sociale. Non vogliono assolutamente convertire i cristiani e non li disprezzano. Qui esiste una piattaforma religiosa formata dai tre leader religiosi: l\u2019arcivescovo, l\u2019imam e il pastore protestante. Non c\u2019\u00e8 un problema religioso ma sociale\u201d.<\/p>\n<!-- ERRORE KALTURA: SSL certificate problem: certificate has expired. RC : 0 -->\n","protected":false},"excerpt":{"rendered":"Sui timori per viaggio del Papa in Centrafrica, Giorgia Bresciani ha raggiunto al telefono, a Bangui, il nunzio apostolico nel Paese, monsignor Franco Coppola che assicura: &#8220;Se la situazione resta cos\u00ec, il viaggio si far\u00e0&#8221;. &nbsp; Roma, 19 novembre 2015 \u2013 \u201cSe la situazione in Centrafrica resta com\u2019\u00e8 adesso la visita sar\u00e0 confermata\u201d. Lo ha [&hellip;]","protected":false},"author":22,"featured_media":4176,"comment_status":"closed","ping_status":"closed","sticky":false,"template":"","format":"standard","meta":{"_acf_changed":false,"footnotes":""},"categories":[10,15,13],"tags":[],"class_list":["post-4489","post","type-post","status-publish","format-standard","has-post-thumbnail","hentry","category-archivio-comunicati-stampa","category-informazione","category-news"],"acf":[],"aioseo_notices":[],"_links":{"self":[{"href":"https:\/\/www.tv2000.it\/ufficiostampa\/wp-json\/wp\/v2\/posts\/4489","targetHints":{"allow":["GET"]}}],"collection":[{"href":"https:\/\/www.tv2000.it\/ufficiostampa\/wp-json\/wp\/v2\/posts"}],"about":[{"href":"https:\/\/www.tv2000.it\/ufficiostampa\/wp-json\/wp\/v2\/types\/post"}],"author":[{"embeddable":true,"href":"https:\/\/www.tv2000.it\/ufficiostampa\/wp-json\/wp\/v2\/users\/22"}],"replies":[{"embeddable":true,"href":"https:\/\/www.tv2000.it\/ufficiostampa\/wp-json\/wp\/v2\/comments?post=4489"}],"version-history":[{"count":0,"href":"https:\/\/www.tv2000.it\/ufficiostampa\/wp-json\/wp\/v2\/posts\/4489\/revisions"}],"wp:featuredmedia":[{"embeddable":true,"href":"https:\/\/www.tv2000.it\/ufficiostampa\/wp-json\/"}],"wp:attachment":[{"href":"https:\/\/www.tv2000.it\/ufficiostampa\/wp-json\/wp\/v2\/media?parent=4489"}],"wp:term":[{"taxonomy":"category","embeddable":true,"href":"https:\/\/www.tv2000.it\/ufficiostampa\/wp-json\/wp\/v2\/categories?post=4489"},{"taxonomy":"post_tag","embeddable":true,"href":"https:\/\/www.tv2000.it\/ufficiostampa\/wp-json\/wp\/v2\/tags?post=4489"}],"curies":[{"name":"wp","href":"https:\/\/api.w.org\/{rel}","templated":true}]}}