{"id":4583,"date":"2015-11-23T17:10:01","date_gmt":"2015-11-23T16:10:01","guid":{"rendered":"http:\/\/www.radioinblu.it\/?p=4583"},"modified":"2015-11-23T17:10:01","modified_gmt":"2015-11-23T16:10:01","slug":"anastacia-a-inblu-radio-leuropa-e-la-mia-seconda-casa-tenere-alta-guardia-contro-terrorismo","status":"publish","type":"post","link":"https:\/\/www.tv2000.it\/ufficiostampa\/2015\/11\/23\/anastacia-a-inblu-radio-leuropa-e-la-mia-seconda-casa-tenere-alta-guardia-contro-terrorismo\/","title":{"rendered":"Anastacia a inBlu Radio: &quot;L&#039;Europa \u00e8 la mia seconda casa. Tenere alta guardia contro terrorismo&quot;"},"content":{"rendered":"<p><a href=\"http:\/\/www.tv2000.it\/radioinblu\/wp-content\/uploads\/sites\/5\/2015\/11\/anastacia-foto-report-concerto-padova-15-gennaio-2015-4.jpg\"><img decoding=\"async\" class=\" size-medium wp-image-4482 alignright\" src=\"http:\/\/www.tv2000.it\/radioinblu\/wp-content\/uploads\/sites\/5\/2015\/11\/anastacia-foto-report-concerto-padova-15-gennaio-2015-4-300x157.jpg\" alt=\"Anastacia\" width=\"300\" height=\"157\" \/><\/a>&#8220;Trascorro molto tempo in Europa, pi\u00f9 di quanto faccio nel mio Paese, \u00e8 un po\u2019 la mia casa. Ma questo mi piace perch\u00e9 amo quello che faccio cio\u00e8 esibirmi e cantare. L\u2019Europa \u00e8 la mia seconda casa, \u00e8 come stare in un grande hotel. Ho anche vissuto un periodo della mia vita a Londra\u201d.\u00a0Lo ha detto Anastacia ospite\u00a0negli studi di Milano di inBlu Radio, network delle radio cattoliche italiane, durante il &#8216;Pomeriggio inBlu&#8217; condotto da\u00a0Ugo Scali e Gianni De Berardinis.<br \/>\nLa cantante ha sottolineato\u00a0che il segreto della sua grande energia \u00e8 &#8220;vivere la vita, condividere e stare insieme agli altri&#8221;. Anastacia ha inoltre rivelato di apprezzare molto &#8220;Laura Pausini&#8221; e che i cantanti che l&#8217;hanno ispirata musicalmente sono stati &#8220;Celine Dion e &#8216;l&#8217;orso&#8217; Luciano Pavarotti&#8221;.<br \/>\nNell&#8217;intervista non si \u00e8 parlato solo di musica ma anche di sport: \u00a0\u201cAmo molto lo sport, e sono una tifosa\u00a0del Milan\u201d, ha proseguito\u00a0la cantante americana.<br \/>\nInfine non poteva mancare un commento agli attacchi terroristici di Parigi. Anastacia ha vissuto una situazione simile l&#8217;11 settembre 2001: &#8220;In quel periodo abitavo a New York, ho vissuto una situazione molto difficile non sapevo cosa fare ma l\u2019unica soluzione era reagire e mettersi in salvo.\u00a0Ci vuole tempo non ci si pu\u00f2 aspettare che Parigi torni subito alla normalit\u00e0 ma nel frattempo bisogna continuare a tenere alta la guardia contro queste persone orribili. Quello che vorrei \u00e8 che i leader di tutti i Paesi si uniscano contro il terrorismo. Vorrei che si smettesse di combattere e che si metta fine alle azioni di tutti coloro che vogliono terrorizzarci come l\u2019Isis. Non c\u2019\u00e8 da discutere o negoziare ma bisogna solo finirla dire basta e andare avanti\u201d.<\/p>\n<!-- ERRORE KALTURA: SSL certificate problem: certificate has expired. RC : 0 -->\n<p>&nbsp;<\/p>\n","protected":false},"excerpt":{"rendered":"&#8220;Trascorro molto tempo in Europa, pi\u00f9 di quanto faccio nel mio Paese, \u00e8 un po\u2019 la mia casa. Ma questo mi piace perch\u00e9 amo quello che faccio cio\u00e8 esibirmi e cantare. L\u2019Europa \u00e8 la mia seconda casa, \u00e8 come stare in un grande hotel. Ho anche vissuto un periodo della mia vita a Londra\u201d.\u00a0Lo ha [&hellip;]","protected":false},"author":22,"featured_media":4482,"comment_status":"closed","ping_status":"closed","sticky":false,"template":"","format":"standard","meta":{"_acf_changed":false,"footnotes":""},"categories":[10,15,12,13],"tags":[],"class_list":["post-4583","post","type-post","status-publish","format-standard","has-post-thumbnail","hentry","category-archivio-comunicati-stampa","category-informazione","category-musica","category-news"],"acf":[],"aioseo_notices":[],"_links":{"self":[{"href":"https:\/\/www.tv2000.it\/ufficiostampa\/wp-json\/wp\/v2\/posts\/4583","targetHints":{"allow":["GET"]}}],"collection":[{"href":"https:\/\/www.tv2000.it\/ufficiostampa\/wp-json\/wp\/v2\/posts"}],"about":[{"href":"https:\/\/www.tv2000.it\/ufficiostampa\/wp-json\/wp\/v2\/types\/post"}],"author":[{"embeddable":true,"href":"https:\/\/www.tv2000.it\/ufficiostampa\/wp-json\/wp\/v2\/users\/22"}],"replies":[{"embeddable":true,"href":"https:\/\/www.tv2000.it\/ufficiostampa\/wp-json\/wp\/v2\/comments?post=4583"}],"version-history":[{"count":0,"href":"https:\/\/www.tv2000.it\/ufficiostampa\/wp-json\/wp\/v2\/posts\/4583\/revisions"}],"wp:featuredmedia":[{"embeddable":true,"href":"https:\/\/www.tv2000.it\/ufficiostampa\/wp-json\/wp\/v2\/posts\/4482"}],"wp:attachment":[{"href":"https:\/\/www.tv2000.it\/ufficiostampa\/wp-json\/wp\/v2\/media?parent=4583"}],"wp:term":[{"taxonomy":"category","embeddable":true,"href":"https:\/\/www.tv2000.it\/ufficiostampa\/wp-json\/wp\/v2\/categories?post=4583"},{"taxonomy":"post_tag","embeddable":true,"href":"https:\/\/www.tv2000.it\/ufficiostampa\/wp-json\/wp\/v2\/tags?post=4583"}],"curies":[{"name":"wp","href":"https:\/\/api.w.org\/{rel}","templated":true}]}}