{"id":4792,"date":"2015-11-28T11:16:59","date_gmt":"2015-11-28T10:16:59","guid":{"rendered":"http:\/\/www.radioinblu.it\/?p=4792"},"modified":"2015-11-28T11:16:59","modified_gmt":"2015-11-28T10:16:59","slug":"scuola-associazioni-islamiche-milano-fede-cristiana-non-e-stata-mai-problema-per-musulmani","status":"publish","type":"post","link":"https:\/\/www.tv2000.it\/ufficiostampa\/2015\/11\/28\/scuola-associazioni-islamiche-milano-fede-cristiana-non-e-stata-mai-problema-per-musulmani\/","title":{"rendered":"Scuola, Associazioni islamiche Milano: \u201cFede cristiana non \u00e8 stata mai problema per musulmani\u201d"},"content":{"rendered":"<p><a href=\"http:\/\/www.tv2000.it\/radioinblu\/wp-content\/uploads\/sites\/5\/2015\/11\/Piccardo.jpg\"><img decoding=\"async\" class=\" size-full wp-image-4793 alignleft\" src=\"http:\/\/www.tv2000.it\/radioinblu\/wp-content\/uploads\/sites\/5\/2015\/11\/Piccardo.jpg\" alt=\"Piccardo\" width=\"248\" height=\"192\" \/><\/a>\u201cNon \u00e8 il caso di svuotare ulteriormente la nostra societ\u00e0 dalle tradizioni religiose e culturali, bisogna assolutamente preservarle. La celebrazione di feste cristiane non \u00e8 mai stato un problema per i musulmani in questo Paese\u201d. Lo ha detto il coordinatore delle associazioni islamiche di Milano, Davide Piccardo, in un&#8217;intervista a inBlu Radio,\u00a0network delle\u00a0radio\u00a0cattoliche\u00a0italiane,\u00a0commentando l&#8217;iniziativa di una scuola di Rozzano, l\u2019Istituto comprensivo Garofani, che avrebbe rinviato la festa natalizia per organizzare un evento piu laico in rispetto degli studenti non cattolici.\u00a0\u201cCrediamo per\u00f2 che ci sia da prendere atto \u2013 ha aggiunto Piccardo &#8211; di una presenza sempre pi\u00f9 numerosa di studenti musulmani in tutte le scuole. Quindi bisognerebbe aggiungere e non sottrarre, questo \u00e8 importante. E&#8217; necessario considerare le diverse sensibilit\u00e0 religiose in Italia\u201d.<\/p>\n<p>&nbsp;<\/p>\n<p>&nbsp;<\/p>\n<p>&nbsp;<\/p>\n<p>&nbsp;<\/p>\n<p>&nbsp;<\/p>\n<!-- ERRORE KALTURA: SSL certificate problem: certificate has expired. RC : 0 -->\n<p>&nbsp;<\/p>\n","protected":false},"excerpt":{"rendered":"\u201cNon \u00e8 il caso di svuotare ulteriormente la nostra societ\u00e0 dalle tradizioni religiose e culturali, bisogna assolutamente preservarle. La celebrazione di feste cristiane non \u00e8 mai stato un problema per i musulmani in questo Paese\u201d. Lo ha detto il coordinatore delle associazioni islamiche di Milano, Davide Piccardo, in un&#8217;intervista a inBlu Radio,\u00a0network delle\u00a0radio\u00a0cattoliche\u00a0italiane,\u00a0commentando l&#8217;iniziativa di [&hellip;]","protected":false},"author":5,"featured_media":4793,"comment_status":"closed","ping_status":"closed","sticky":false,"template":"","format":"standard","meta":{"_acf_changed":false,"footnotes":""},"categories":[10,13],"tags":[],"class_list":["post-4792","post","type-post","status-publish","format-standard","has-post-thumbnail","hentry","category-archivio-comunicati-stampa","category-news"],"acf":[],"aioseo_notices":[],"_links":{"self":[{"href":"https:\/\/www.tv2000.it\/ufficiostampa\/wp-json\/wp\/v2\/posts\/4792","targetHints":{"allow":["GET"]}}],"collection":[{"href":"https:\/\/www.tv2000.it\/ufficiostampa\/wp-json\/wp\/v2\/posts"}],"about":[{"href":"https:\/\/www.tv2000.it\/ufficiostampa\/wp-json\/wp\/v2\/types\/post"}],"author":[{"embeddable":true,"href":"https:\/\/www.tv2000.it\/ufficiostampa\/wp-json\/wp\/v2\/users\/5"}],"replies":[{"embeddable":true,"href":"https:\/\/www.tv2000.it\/ufficiostampa\/wp-json\/wp\/v2\/comments?post=4792"}],"version-history":[{"count":0,"href":"https:\/\/www.tv2000.it\/ufficiostampa\/wp-json\/wp\/v2\/posts\/4792\/revisions"}],"wp:featuredmedia":[{"embeddable":true,"href":"https:\/\/www.tv2000.it\/ufficiostampa\/wp-json\/"}],"wp:attachment":[{"href":"https:\/\/www.tv2000.it\/ufficiostampa\/wp-json\/wp\/v2\/media?parent=4792"}],"wp:term":[{"taxonomy":"category","embeddable":true,"href":"https:\/\/www.tv2000.it\/ufficiostampa\/wp-json\/wp\/v2\/categories?post=4792"},{"taxonomy":"post_tag","embeddable":true,"href":"https:\/\/www.tv2000.it\/ufficiostampa\/wp-json\/wp\/v2\/tags?post=4792"}],"curies":[{"name":"wp","href":"https:\/\/api.w.org\/{rel}","templated":true}]}}