{"id":6189,"date":"2015-10-01T18:49:59","date_gmt":"2015-10-01T16:49:59","guid":{"rendered":"http:\/\/www.tv2000.it\/?p=6189"},"modified":"2015-10-01T18:49:59","modified_gmt":"2015-10-01T16:49:59","slug":"pensioni-baretta-flessibilita-in-uscita-non-e-tramontata","status":"publish","type":"post","link":"https:\/\/www.tv2000.it\/ufficiostampa\/2015\/10\/01\/pensioni-baretta-flessibilita-in-uscita-non-e-tramontata\/","title":{"rendered":"Pensioni, Baretta: \u201cFlessibilit\u00e0 in uscita non \u00e8 tramontata\u201d"},"content":{"rendered":"<p><a href=\"http:\/\/www.tv2000.it\/wp-content\/uploads\/2015\/10\/baretta.jpg\"><img decoding=\"async\" class=\" size-medium wp-image-6190 alignright\" src=\"http:\/\/www.tv2000.it\/wp-content\/uploads\/2015\/10\/baretta-300x216.jpg\" alt=\"baretta\" width=\"300\" height=\"216\" \/><\/a>Roma, 1 ottobre 2015 \u2013 Il provvedimento di flessibilit\u00e0 in uscita dal mondo del lavoro \u201cnon \u00e8 tramontato, lo stesso presidente del Consiglio nei giorni scorsi ha detto che questo \u00e8 un argomento che va affrontato.\u201d. Lo ha detto il sottosegretario all\u2019Economia, Pier Paolo Baretta, in un\u2019intervista al Tg2000, il telegiornale di Tv2000, sottolineando che \u201cabbiamo molte spinte non solo dai sindacati ma anche dalle imprese e persone che hanno condizioni di difficolt\u00e0 e che hanno visto aumentato il loro tempo di lavoro di 6-7 anni. E\u2019 un tema molto sentito\u201d.<\/p>\n<p>\u201cCertamente \u2013 ha aggiunto Baretta &#8211; c\u2019\u00e8 un problema di equilibrio finanziario e risorse, \u00e8 proprio quello che stiamo discutendo in queste ore. Ma se ci sono le condizioni finanziarie faremo un intervento. Sar\u00e0 una norma che coinvolger\u00e0 tutti e che consentir\u00e0 a chi vuole andare via un po\u2019 prima di poterlo fare\u201d.<\/p>\n","protected":false},"excerpt":{"rendered":"Roma, 1 ottobre 2015 \u2013 Il provvedimento di flessibilit\u00e0 in uscita dal mondo del lavoro \u201cnon \u00e8 tramontato, lo stesso presidente del Consiglio nei giorni scorsi ha detto che questo \u00e8 un argomento che va affrontato.\u201d. Lo ha detto il sottosegretario all\u2019Economia, Pier Paolo Baretta, in un\u2019intervista al Tg2000, il telegiornale di Tv2000, sottolineando che [&hellip;]","protected":false},"author":22,"featured_media":6190,"comment_status":"closed","ping_status":"closed","sticky":false,"template":"","format":"standard","meta":{"_acf_changed":false,"footnotes":""},"categories":[10,13],"tags":[305,274,205,304],"class_list":["post-6189","post","type-post","status-publish","format-standard","has-post-thumbnail","hentry","category-archivio-comunicati-stampa","category-news","tag-flessibilita","tag-pensioni","tag-pier-paolo-baretta","tag-sottosegretario-alleconomia"],"acf":[],"aioseo_notices":[],"_links":{"self":[{"href":"https:\/\/www.tv2000.it\/ufficiostampa\/wp-json\/wp\/v2\/posts\/6189","targetHints":{"allow":["GET"]}}],"collection":[{"href":"https:\/\/www.tv2000.it\/ufficiostampa\/wp-json\/wp\/v2\/posts"}],"about":[{"href":"https:\/\/www.tv2000.it\/ufficiostampa\/wp-json\/wp\/v2\/types\/post"}],"author":[{"embeddable":true,"href":"https:\/\/www.tv2000.it\/ufficiostampa\/wp-json\/wp\/v2\/users\/22"}],"replies":[{"embeddable":true,"href":"https:\/\/www.tv2000.it\/ufficiostampa\/wp-json\/wp\/v2\/comments?post=6189"}],"version-history":[{"count":0,"href":"https:\/\/www.tv2000.it\/ufficiostampa\/wp-json\/wp\/v2\/posts\/6189\/revisions"}],"wp:featuredmedia":[{"embeddable":true,"href":"https:\/\/www.tv2000.it\/ufficiostampa\/wp-json\/"}],"wp:attachment":[{"href":"https:\/\/www.tv2000.it\/ufficiostampa\/wp-json\/wp\/v2\/media?parent=6189"}],"wp:term":[{"taxonomy":"category","embeddable":true,"href":"https:\/\/www.tv2000.it\/ufficiostampa\/wp-json\/wp\/v2\/categories?post=6189"},{"taxonomy":"post_tag","embeddable":true,"href":"https:\/\/www.tv2000.it\/ufficiostampa\/wp-json\/wp\/v2\/tags?post=6189"}],"curies":[{"name":"wp","href":"https:\/\/api.w.org\/{rel}","templated":true}]}}