{"id":6479,"date":"2015-10-12T16:08:11","date_gmt":"2015-10-12T14:08:11","guid":{"rendered":"http:\/\/www.tv2000.it\/?p=6479"},"modified":"2015-10-12T16:08:11","modified_gmt":"2015-10-12T14:08:11","slug":"tv2000-bocelli-la-mia-fede-frutto-di-un-ragionamento","status":"publish","type":"post","link":"https:\/\/www.tv2000.it\/ufficiostampa\/2015\/10\/12\/tv2000-bocelli-la-mia-fede-frutto-di-un-ragionamento\/","title":{"rendered":"Tv2000, Bocelli: \u201cLa mia fede frutto di un ragionamento\u201d"},"content":{"rendered":"<p><a href=\"http:\/\/www.tv2000.it\/wp-content\/uploads\/2015\/10\/bocelli-2.png\"><img decoding=\"async\" class=\" size-full wp-image-6480 alignleft\" src=\"http:\/\/www.tv2000.it\/wp-content\/uploads\/2015\/10\/bocelli-2.png\" alt=\"andrea bocelli\" width=\"350\" height=\"235\" \/><\/a>Roma, 12 ottobre 2015 \u2013<span class=\"Apple-converted-space\">\u00a0<\/span>\u201cLa mia \u00e8 una fede frutto di ragionamento\u201d. Lo ha detto Andrea Bocelli, in un\u2019intervista al programma \u2018Bel tempo si spera\u2019 che andr\u00e0 in onda domani su Tv2000 alle ore 9.15. \u201cPrendo a prestito una frase \u2013 ha aggiunto il tenore &#8211; che fu adoperata in tutt\u2019altro contesto e per altre ragioni, la fede \u00e8 \u2018fondamento granitico di obiettiva necessit\u00e0 storica\u2019. Non si pu\u00f2 pensare di essere figli del caso. E\u2019 una sciocchezza assurda. Non riuscirei mai a credere di essere figlio del caso meno di quanto potrei credere che questa casa sia sorta dal nulla: se non c\u2019\u00e8 qualcuno che l\u2019ha costruita questa casa non ci sarebbe allo stesso modo e anzi a maggior ragione l\u2019universo, che \u00e8 qualcosa di estremamente complesso che va sopra ogni nostra immaginazione, non pu\u00f2 essere figlio del caso. Quindi la mia fede nasce cos\u00ec\u201d.<span class=\"Apple-converted-space\">\u00a0<\/span><br \/>\nBocelli, nell\u2019intervista a Enrico Selleri, ha ribadito che la fede \u00e8 \u201cnaturalmente un cammino, perch\u00e9 se uno \u00e8 interessato ad approfondire una cosa deve fare anche dei sacrifici cos\u00ec come si fanno per imparare la matematica o il pianoforte. Ci sono degli esercizi da fare, cos\u00ec come la matematica richiede all\u2019inizio le tabelline e quant\u2019altro, il pianoforte le scale e gli arpeggi cos\u00ec la fede richiede anche lei degli esercizi spirituali che vanno dalla preghiera in poi. Solo se si fa cos\u00ec, se ci si adegua a questo tipo di disciplina, si fanno delle scoperte sensazionali\u201d.<\/p>\n<p>Video integrale dell&#8217;intervista:<\/p>\n<div class=\"fluid-embed-container\"><iframe title=\"Andrea Bocelli: \u201cLa mia fede frutto di un ragionamento\u201d. L&#039;intervista di Enrico Selleri\" width=\"640\" height=\"360\" src=\"https:\/\/www.youtube.com\/embed\/ic7WOR07lt4?feature=oembed\" frameborder=\"0\" allow=\"accelerometer; autoplay; clipboard-write; encrypted-media; gyroscope; picture-in-picture; web-share\" referrerpolicy=\"strict-origin-when-cross-origin\" allowfullscreen><\/iframe><\/div>\n","protected":false},"excerpt":{"rendered":"Roma, 12 ottobre 2015 \u2013\u00a0\u201cLa mia \u00e8 una fede frutto di ragionamento\u201d. Lo ha detto Andrea Bocelli, in un\u2019intervista al programma \u2018Bel tempo si spera\u2019 che andr\u00e0 in onda domani su Tv2000 alle ore 9.15. \u201cPrendo a prestito una frase \u2013 ha aggiunto il tenore &#8211; che fu adoperata in tutt\u2019altro contesto e per altre [&hellip;]","protected":false},"author":6,"featured_media":6480,"comment_status":"closed","ping_status":"closed","sticky":false,"template":"","format":"standard","meta":{"_acf_changed":false,"footnotes":""},"categories":[10,13],"tags":[],"class_list":["post-6479","post","type-post","status-publish","format-standard","has-post-thumbnail","hentry","category-archivio-comunicati-stampa","category-news"],"acf":[],"aioseo_notices":[],"_links":{"self":[{"href":"https:\/\/www.tv2000.it\/ufficiostampa\/wp-json\/wp\/v2\/posts\/6479","targetHints":{"allow":["GET"]}}],"collection":[{"href":"https:\/\/www.tv2000.it\/ufficiostampa\/wp-json\/wp\/v2\/posts"}],"about":[{"href":"https:\/\/www.tv2000.it\/ufficiostampa\/wp-json\/wp\/v2\/types\/post"}],"author":[{"embeddable":true,"href":"https:\/\/www.tv2000.it\/ufficiostampa\/wp-json\/wp\/v2\/users\/6"}],"replies":[{"embeddable":true,"href":"https:\/\/www.tv2000.it\/ufficiostampa\/wp-json\/wp\/v2\/comments?post=6479"}],"version-history":[{"count":0,"href":"https:\/\/www.tv2000.it\/ufficiostampa\/wp-json\/wp\/v2\/posts\/6479\/revisions"}],"wp:featuredmedia":[{"embeddable":true,"href":"https:\/\/www.tv2000.it\/ufficiostampa\/wp-json\/"}],"wp:attachment":[{"href":"https:\/\/www.tv2000.it\/ufficiostampa\/wp-json\/wp\/v2\/media?parent=6479"}],"wp:term":[{"taxonomy":"category","embeddable":true,"href":"https:\/\/www.tv2000.it\/ufficiostampa\/wp-json\/wp\/v2\/categories?post=6479"},{"taxonomy":"post_tag","embeddable":true,"href":"https:\/\/www.tv2000.it\/ufficiostampa\/wp-json\/wp\/v2\/tags?post=6479"}],"curies":[{"name":"wp","href":"https:\/\/api.w.org\/{rel}","templated":true}]}}