{"id":6727,"date":"2015-10-23T19:25:27","date_gmt":"2015-10-23T17:25:27","guid":{"rendered":"http:\/\/www.tv2000.it\/?p=6727"},"modified":"2015-10-23T19:25:27","modified_gmt":"2015-10-23T17:25:27","slug":"sinodo-card-menichelli-apertura-verso-divorziati-risposati-potrebbero-fare-padrini","status":"publish","type":"post","link":"https:\/\/www.tv2000.it\/ufficiostampa\/2015\/10\/23\/sinodo-card-menichelli-apertura-verso-divorziati-risposati-potrebbero-fare-padrini\/","title":{"rendered":"Sinodo, card. Menichelli: \u201cApertura verso divorziati risposati, potrebbero fare padrini\u201d"},"content":{"rendered":"<p><a href=\"http:\/\/www.tv2000.it\/wp-content\/uploads\/2015\/10\/Menichelli.jpg\"><img decoding=\"async\" class=\" size-full wp-image-6729 alignleft\" src=\"http:\/\/www.tv2000.it\/wp-content\/uploads\/2015\/10\/Menichelli.jpg\" alt=\"Card. Menichelli\" width=\"275\" height=\"183\" \/><\/a>Tra i padri sinodale nei confronti dei divorziati risposati \u201cc\u2019\u00e8 una grande sensibilit\u00e0 d\u2019apertura: questi fratelli non sono fuori della Chiesa, perch\u00e9 sono battezzati, non dobbiamo reintegrare qualcuno. L\u2019importante \u00e8 ricominciare ad offrire a questi fratelli un accompagnamento che traduce la passione della Chiesa per i suoi figli\u201d. Lo ha detto l\u2019arcivescovo di Ancona-Osimo, il cardinale Edoardo Menichelli, in un\u2019intervista al Tg2000, il telegiornale di Tv2000.<br \/>\n\u201cUn accompagnamento &#8211; ha aggiunto il cardinale Menichelli &#8211; che diventa anche istruzione, invito alla conversione con modalit\u00e0 adatte a quella specifica coppia. Un altro avvicinamento potrebbe essere la questione dell\u2019essere padrino o fare parte del consiglio pastorale. Questi sono tutti aspetti che sono emersi nei circoli sinodali. Poi vedremo cosa emerger\u00e0 nella relazione finale e le decisioni del Papa\u201d.<br \/>\nLa conflittualit\u00e0 all\u2019interno del Sinodo, ha proseguito il card. Menichelli, \u00e8 \u201cun leitmotiv che gira da tempo sembra che il Sinodo sia un covo di nemici: un conto le varie sensibilit\u00e0 pastorali e un conto la conflittualit\u00e0. Siamo tutti all\u2019ascolto fraterno con Papa Francesco ma tutto questo passa attraverso delle sensibilit\u00e0 diverse. Le sensibilit\u00e0 non sono conflittualit\u00e0. Abbiamo goduto di questa diversit\u00e0 della sensibilit\u00e0 pastorale\u201d e \u201cquesto non significa che ci siano inimicizie. Non abbiamo discusso qualcosa che \u00e8 nostro. Abbiamo discusso, approfondito e riferiremo al Papa su un valore della vita della Chiesa: il sacramento del matrimonio e la famiglia\u201d.<\/p>\n<!-- ERRORE KALTURA: SSL certificate problem: certificate has expired. RC : 0 -->\n","protected":false},"excerpt":{"rendered":"Tra i padri sinodale nei confronti dei divorziati risposati \u201cc\u2019\u00e8 una grande sensibilit\u00e0 d\u2019apertura: questi fratelli non sono fuori della Chiesa, perch\u00e9 sono battezzati, non dobbiamo reintegrare qualcuno. L\u2019importante \u00e8 ricominciare ad offrire a questi fratelli un accompagnamento che traduce la passione della Chiesa per i suoi figli\u201d. Lo ha detto l\u2019arcivescovo di Ancona-Osimo, il [&hellip;]","protected":false},"author":5,"featured_media":0,"comment_status":"closed","ping_status":"closed","sticky":false,"template":"","format":"standard","meta":{"_acf_changed":false,"footnotes":""},"categories":[10],"tags":[34,89],"class_list":["post-6727","post","type-post","status-publish","format-standard","hentry","category-archivio-comunicati-stampa","tag-card-menichelli","tag-sinodo"],"acf":[],"aioseo_notices":[],"_links":{"self":[{"href":"https:\/\/www.tv2000.it\/ufficiostampa\/wp-json\/wp\/v2\/posts\/6727","targetHints":{"allow":["GET"]}}],"collection":[{"href":"https:\/\/www.tv2000.it\/ufficiostampa\/wp-json\/wp\/v2\/posts"}],"about":[{"href":"https:\/\/www.tv2000.it\/ufficiostampa\/wp-json\/wp\/v2\/types\/post"}],"author":[{"embeddable":true,"href":"https:\/\/www.tv2000.it\/ufficiostampa\/wp-json\/wp\/v2\/users\/5"}],"replies":[{"embeddable":true,"href":"https:\/\/www.tv2000.it\/ufficiostampa\/wp-json\/wp\/v2\/comments?post=6727"}],"version-history":[{"count":0,"href":"https:\/\/www.tv2000.it\/ufficiostampa\/wp-json\/wp\/v2\/posts\/6727\/revisions"}],"wp:attachment":[{"href":"https:\/\/www.tv2000.it\/ufficiostampa\/wp-json\/wp\/v2\/media?parent=6727"}],"wp:term":[{"taxonomy":"category","embeddable":true,"href":"https:\/\/www.tv2000.it\/ufficiostampa\/wp-json\/wp\/v2\/categories?post=6727"},{"taxonomy":"post_tag","embeddable":true,"href":"https:\/\/www.tv2000.it\/ufficiostampa\/wp-json\/wp\/v2\/tags?post=6727"}],"curies":[{"name":"wp","href":"https:\/\/api.w.org\/{rel}","templated":true}]}}