{"id":6797,"date":"2015-10-27T19:55:31","date_gmt":"2015-10-27T18:55:31","guid":{"rendered":"http:\/\/www.tv2000.it\/?p=6797"},"modified":"2015-10-27T19:55:31","modified_gmt":"2015-10-27T18:55:31","slug":"papa-mons-lorefice-mia-nomina-colpa-di-don-pino-puglisi","status":"publish","type":"post","link":"https:\/\/www.tv2000.it\/ufficiostampa\/2015\/10\/27\/papa-mons-lorefice-mia-nomina-colpa-di-don-pino-puglisi\/","title":{"rendered":"Papa, mons. Lorefice: \u201cMia nomina \u2018colpa\u2019 di don Pino Puglisi\u201d"},"content":{"rendered":"<p><a href=\"http:\/\/www.tv2000.it\/wp-content\/uploads\/2015\/10\/mons.-Lorefice.png\"><img decoding=\"async\" class=\" size-medium wp-image-6798 alignright\" src=\"http:\/\/www.tv2000.it\/wp-content\/uploads\/2015\/10\/mons.-Lorefice-300x168.png\" alt=\"mons. Lorefice\" width=\"300\" height=\"168\" \/><\/a>Roma, 27 ottobre 2015 \u2013 \u201cDopo la nomina ho pensato subito a don Pino Puglisi, la colpa \u00e8 sua\u201d. Lo ha detto il nuovo arcivescovo di Palermo, mons. Corrado Lorefice, in un\u2019intervista al Tg2000, il telegiornale di Tv2000, commentando la nomina di Papa Francesco di stamane.<br \/>\n<span style=\"line-height: 1.5\">\u201cLa mia nomina \u2013 ha aggiunto mons. Lorefice &#8211; \u00e8 frutto della Provvidenza. Nella vigna del Signore si lavora ovunque si \u00e8 chiamati, a Modica sono stato chiamato a dare la vita e far\u00f2 lo stesso a Palermo sulle orme di Ges\u00f9, non cambia nulla. Ho pensato che fosse un errore, poi pian piano ho maturato dentro di me che fino ad ora sono stato dove il Signore attraverso la Chiesa mi ha chiamato. E\u2019 accaduto anche per questa nomina e ho deciso di dire s\u00ec\u201d.<\/span><\/p>\n<p>\u201cPalermo \u00e8 la citt\u00e0 pi\u00f9 grande della nostra isola, &#8211; ha sottolineato mons. Lorefice &#8211; ha una bella tradizione di testimonianza cristiana e mi riferisco come figura emblematica a don Pino Puglisi con il quale ho collaborato. Come citt\u00e0 degli uomini \u00e8 segnata dalla fatica, dalla sofferenza ma anche dal peccato\u201d.<br \/>\nLa nomina ad arcivescovo di Palermo, ha concluso mons. Lorefice, \u00e8 \u201cuna cosa sproporzionata per le mie forze, se mi faccio prendere dalla paura penso di non rendere il servizio che il Signore mi ha chiesto. Il Signore ci dar\u00e0 la grazia per lavorare bene qui a Palermo. E\u2019 una citt\u00e0 bella e promettente. La prima cosa che far\u00f2 \u00e8 ascoltare e volere bene alla gente\u201d.<\/p>\n","protected":false},"excerpt":{"rendered":"Roma, 27 ottobre 2015 \u2013 \u201cDopo la nomina ho pensato subito a don Pino Puglisi, la colpa \u00e8 sua\u201d. Lo ha detto il nuovo arcivescovo di Palermo, mons. Corrado Lorefice, in un\u2019intervista al Tg2000, il telegiornale di Tv2000, commentando la nomina di Papa Francesco di stamane. \u201cLa mia nomina \u2013 ha aggiunto mons. Lorefice &#8211; [&hellip;]","protected":false},"author":22,"featured_media":6798,"comment_status":"closed","ping_status":"closed","sticky":false,"template":"","format":"standard","meta":{"_acf_changed":false,"footnotes":""},"categories":[10,13],"tags":[333,334],"class_list":["post-6797","post","type-post","status-publish","format-standard","has-post-thumbnail","hentry","category-archivio-comunicati-stampa","category-news","tag-arcivescovo-di-palermo","tag-mons-corrado-lorefice"],"acf":[],"aioseo_notices":[],"_links":{"self":[{"href":"https:\/\/www.tv2000.it\/ufficiostampa\/wp-json\/wp\/v2\/posts\/6797","targetHints":{"allow":["GET"]}}],"collection":[{"href":"https:\/\/www.tv2000.it\/ufficiostampa\/wp-json\/wp\/v2\/posts"}],"about":[{"href":"https:\/\/www.tv2000.it\/ufficiostampa\/wp-json\/wp\/v2\/types\/post"}],"author":[{"embeddable":true,"href":"https:\/\/www.tv2000.it\/ufficiostampa\/wp-json\/wp\/v2\/users\/22"}],"replies":[{"embeddable":true,"href":"https:\/\/www.tv2000.it\/ufficiostampa\/wp-json\/wp\/v2\/comments?post=6797"}],"version-history":[{"count":0,"href":"https:\/\/www.tv2000.it\/ufficiostampa\/wp-json\/wp\/v2\/posts\/6797\/revisions"}],"wp:featuredmedia":[{"embeddable":true,"href":"https:\/\/www.tv2000.it\/ufficiostampa\/wp-json\/"}],"wp:attachment":[{"href":"https:\/\/www.tv2000.it\/ufficiostampa\/wp-json\/wp\/v2\/media?parent=6797"}],"wp:term":[{"taxonomy":"category","embeddable":true,"href":"https:\/\/www.tv2000.it\/ufficiostampa\/wp-json\/wp\/v2\/categories?post=6797"},{"taxonomy":"post_tag","embeddable":true,"href":"https:\/\/www.tv2000.it\/ufficiostampa\/wp-json\/wp\/v2\/tags?post=6797"}],"curies":[{"name":"wp","href":"https:\/\/api.w.org\/{rel}","templated":true}]}}