{"id":7212,"date":"2015-10-29T12:31:25","date_gmt":"2015-10-29T11:31:25","guid":{"rendered":"http:\/\/www.tv2000.it\/?p=7212"},"modified":"2015-10-29T12:31:25","modified_gmt":"2015-10-29T11:31:25","slug":"unioni-civili-don-gentili-cei-chiesa-attenta-a-diritti-omosessuali-ma-giudici-hanno-rispettato-costituzione","status":"publish","type":"post","link":"https:\/\/www.tv2000.it\/ufficiostampa\/2015\/10\/29\/unioni-civili-don-gentili-cei-chiesa-attenta-a-diritti-omosessuali-ma-giudici-hanno-rispettato-costituzione\/","title":{"rendered":"Unioni civili, don Gentili (Cei): \u201cChiesa attenta a diritti omosessuali ma giudici hanno rispettato Costituzione\u201d"},"content":{"rendered":"<p><a href=\"http:\/\/mi1.stage.tv2000.it\/wp-content\/uploads\/2015\/10\/Don-Paolo-Gentili-Cei.jpg\"><img decoding=\"async\" class=\" size-medium wp-image-7213 alignright\" src=\"http:\/\/mi1.stage.tv2000.it\/wp-content\/uploads\/2015\/10\/Don-Paolo-Gentili-Cei-300x175.jpg\" alt=\"Don Paolo Gentili Cei\" width=\"300\" height=\"175\" \/><\/a>Roma, 29 ottobre 2015 \u2013 \u201cLa Chiesa \u00e8 molto attenta ai diritti civili e non ha nessuna difficolt\u00e0 al diritto individuale di ogni persona omosessuale, \u00e8 giusto che un omosessuale possa andare a visitare il suo compagno malato e questo \u00e8 intoccabile ma altro \u00e8 dire che questa societ\u00e0 \u00e8 fondata sulla famiglia, art. 29 della Costituzione. Questi giudici non hanno fatto altro che rispettare la nostra Costituzione\u201d. Lo ha detto il direttore dell\u2019Ufficio nazionale per la Pastorale della famiglia della Conferenza episcopale italiana, don Paolo Gentili, a \u2018Bel tempo si spera\u2019 su Tv2000, commentando la\u00a0sentenza del Consiglio di Stato.<br \/>\n<span style=\"line-height: 1.5\">\u201cNessuno \u2013 ha aggiunto don Gentili &#8211; vuole togliere i diritti individuali: una persona omosessuale \u00e8 accolta, accarezzata, sostenuta dalla Chiesa\u201d ma \u201cle leggi si continuano a preoccupare molto, e c\u2019\u00e8 un investimento legislativo eccessivo, su piccoli gruppi di persone, quando la gran parte delle famiglie composte da pap\u00e0, mamme e figli vivono una profonda difficolt\u00e0. Questo \u00e8 un diritto inalienabile, non si pu\u00f2 non ascoltare il grido di milioni di famiglie di questa societ\u00e0\u201d.<\/span><\/p>\n<div class=\"fluid-embed-container\"><iframe title=\"In attesa del 5\u00b0 Convegno Ecclesiale Nazionale\" width=\"640\" height=\"360\" src=\"https:\/\/www.youtube.com\/embed\/GPqokXOgWco?feature=oembed\" frameborder=\"0\" allow=\"accelerometer; autoplay; clipboard-write; encrypted-media; gyroscope; picture-in-picture; web-share\" referrerpolicy=\"strict-origin-when-cross-origin\" allowfullscreen><\/iframe><\/div>\n","protected":false},"excerpt":{"rendered":"Roma, 29 ottobre 2015 \u2013 \u201cLa Chiesa \u00e8 molto attenta ai diritti civili e non ha nessuna difficolt\u00e0 al diritto individuale di ogni persona omosessuale, \u00e8 giusto che un omosessuale possa andare a visitare il suo compagno malato e questo \u00e8 intoccabile ma altro \u00e8 dire che questa societ\u00e0 \u00e8 fondata sulla famiglia, art. 29 [&hellip;]","protected":false},"author":22,"featured_media":7213,"comment_status":"closed","ping_status":"closed","sticky":false,"template":"","format":"standard","meta":{"_acf_changed":false,"footnotes":""},"categories":[10,13],"tags":[335,336,337],"class_list":["post-7212","post","type-post","status-publish","format-standard","has-post-thumbnail","hentry","category-archivio-comunicati-stampa","category-news","tag-don-paolo-gentili","tag-ufficio-nazionale-per-la-pastorale-della-famiglia-della-conferenza-episcopale-italiana","tag-unioni-civili"],"acf":[],"aioseo_notices":[],"_links":{"self":[{"href":"https:\/\/www.tv2000.it\/ufficiostampa\/wp-json\/wp\/v2\/posts\/7212","targetHints":{"allow":["GET"]}}],"collection":[{"href":"https:\/\/www.tv2000.it\/ufficiostampa\/wp-json\/wp\/v2\/posts"}],"about":[{"href":"https:\/\/www.tv2000.it\/ufficiostampa\/wp-json\/wp\/v2\/types\/post"}],"author":[{"embeddable":true,"href":"https:\/\/www.tv2000.it\/ufficiostampa\/wp-json\/wp\/v2\/users\/22"}],"replies":[{"embeddable":true,"href":"https:\/\/www.tv2000.it\/ufficiostampa\/wp-json\/wp\/v2\/comments?post=7212"}],"version-history":[{"count":0,"href":"https:\/\/www.tv2000.it\/ufficiostampa\/wp-json\/wp\/v2\/posts\/7212\/revisions"}],"wp:featuredmedia":[{"embeddable":true,"href":"https:\/\/www.tv2000.it\/ufficiostampa\/wp-json\/"}],"wp:attachment":[{"href":"https:\/\/www.tv2000.it\/ufficiostampa\/wp-json\/wp\/v2\/media?parent=7212"}],"wp:term":[{"taxonomy":"category","embeddable":true,"href":"https:\/\/www.tv2000.it\/ufficiostampa\/wp-json\/wp\/v2\/categories?post=7212"},{"taxonomy":"post_tag","embeddable":true,"href":"https:\/\/www.tv2000.it\/ufficiostampa\/wp-json\/wp\/v2\/tags?post=7212"}],"curies":[{"name":"wp","href":"https:\/\/api.w.org\/{rel}","templated":true}]}}