{"id":7974,"date":"2015-11-14T13:38:03","date_gmt":"2015-11-14T12:38:03","guid":{"rendered":"http:\/\/www.tv2000.it\/?p=7974"},"modified":"2015-11-14T13:38:03","modified_gmt":"2015-11-14T12:38:03","slug":"parigi-boldrini-attacco-feroce-che-colpisce-leuropa","status":"publish","type":"post","link":"https:\/\/www.tv2000.it\/ufficiostampa\/2015\/11\/14\/parigi-boldrini-attacco-feroce-che-colpisce-leuropa\/","title":{"rendered":"Parigi, Boldrini: \u201cAttacco feroce che colpisce l\u2019Europa\u201d"},"content":{"rendered":"<p><a href=\"http:\/\/www.tv2000.it\/wp-content\/uploads\/2015\/11\/Boldrini.jpg\"><img decoding=\"async\" class=\" size-medium wp-image-7975 alignleft\" src=\"http:\/\/www.tv2000.it\/wp-content\/uploads\/2015\/11\/Boldrini-300x167.jpg\" alt=\"Boldrini\" width=\"300\" height=\"167\" \/><\/a>\u201cQuesto attacco \u00e8 feroce per la Francia ma anche per tutta l\u2019Europa perch\u00e9 colpisce i nostri valori, i modi di vivere e la libert\u00e0\u201d. Lo ha detto la presidente della Camera dei Deputati, Laura Boldrini, ai microfoni di Tv2000, durante lo speciale sui recenti attentati terroristici di Parigi.<br \/>\nLa presidente della Camera stamane si \u00e8 recata all\u2019ambasciata francese a Roma per portare la solidariet\u00e0 delle istituzioni italiane: \u201cHo voluto fare questo gesto per dimostrare la mia vicinanza e quella della Camera dei Deputati all\u2019ambasciatrice e a tutto il popolo francese\u201d.<br \/>\n\u201cE\u2019 giusto che in questi momenti \u2013 ha proseguito la Boldrini &#8211; ci si raccolga come europei. E\u2019 una sfida che \u00e8 stata lanciata a tutti noi. Dobbiamo rispondere con fermezza ma senza cadere nella loro trappola cio\u00e8 riconsiderare le nostre libert\u00e0 e metterci sulla difensiva. Questo non lo possiamo accettare e non dobbiamo indietreggiare. E\u2019 una minaccia globale che coinvolge tutti i Paesi. Tantissimi italiani oggi si sentono francesi: vulnerabili e minacciati come i nostri cugini\u201d.<br \/>\nLa Boldrini ha inoltre rivelato di aver sentito questa mattina \u201cla ministra per i Rapporti con il Parlamento perch\u00e9 alcuni gruppi di opposizione hanno sollecitato che il governo venisse in aula per fare le proprie valutazioni su quanto accaduto. L\u2019ottica \u00e8 di avere il presidente del Consiglio, stiamo verificando le disponibilit\u00e0 rispetto anche agli impegni per il G20. Mi auguro che marted\u00ec riusciremo a dedicare l\u2019aula di Montecitorio a questo approfondimento\u201d.<\/p>\n<div class=\"fluid-embed-container\"><iframe title=\"Attentati Parigi. L&#039;intervista alla Presidente della Camera Laura Boldrini\" width=\"640\" height=\"360\" src=\"https:\/\/www.youtube.com\/embed\/epVORa4k208?feature=oembed\" frameborder=\"0\" allow=\"accelerometer; autoplay; clipboard-write; encrypted-media; gyroscope; picture-in-picture; web-share\" referrerpolicy=\"strict-origin-when-cross-origin\" allowfullscreen><\/iframe><\/div>\n","protected":false},"excerpt":{"rendered":"\u201cQuesto attacco \u00e8 feroce per la Francia ma anche per tutta l\u2019Europa perch\u00e9 colpisce i nostri valori, i modi di vivere e la libert\u00e0\u201d. Lo ha detto la presidente della Camera dei Deputati, Laura Boldrini, ai microfoni di Tv2000, durante lo speciale sui recenti attentati terroristici di Parigi. La presidente della Camera stamane si \u00e8 [&hellip;]","protected":false},"author":5,"featured_media":7975,"comment_status":"closed","ping_status":"closed","sticky":false,"template":"","format":"standard","meta":{"_acf_changed":false,"footnotes":""},"categories":[10,13],"tags":[356,357,355,110],"class_list":["post-7974","post","type-post","status-publish","format-standard","has-post-thumbnail","hentry","category-archivio-comunicati-stampa","category-news","tag-attentati-parigi","tag-laura-boldrini","tag-parigi","tag-tv2000"],"acf":[],"aioseo_notices":[],"_links":{"self":[{"href":"https:\/\/www.tv2000.it\/ufficiostampa\/wp-json\/wp\/v2\/posts\/7974","targetHints":{"allow":["GET"]}}],"collection":[{"href":"https:\/\/www.tv2000.it\/ufficiostampa\/wp-json\/wp\/v2\/posts"}],"about":[{"href":"https:\/\/www.tv2000.it\/ufficiostampa\/wp-json\/wp\/v2\/types\/post"}],"author":[{"embeddable":true,"href":"https:\/\/www.tv2000.it\/ufficiostampa\/wp-json\/wp\/v2\/users\/5"}],"replies":[{"embeddable":true,"href":"https:\/\/www.tv2000.it\/ufficiostampa\/wp-json\/wp\/v2\/comments?post=7974"}],"version-history":[{"count":0,"href":"https:\/\/www.tv2000.it\/ufficiostampa\/wp-json\/wp\/v2\/posts\/7974\/revisions"}],"wp:featuredmedia":[{"embeddable":true,"href":"https:\/\/www.tv2000.it\/ufficiostampa\/wp-json\/"}],"wp:attachment":[{"href":"https:\/\/www.tv2000.it\/ufficiostampa\/wp-json\/wp\/v2\/media?parent=7974"}],"wp:term":[{"taxonomy":"category","embeddable":true,"href":"https:\/\/www.tv2000.it\/ufficiostampa\/wp-json\/wp\/v2\/categories?post=7974"},{"taxonomy":"post_tag","embeddable":true,"href":"https:\/\/www.tv2000.it\/ufficiostampa\/wp-json\/wp\/v2\/tags?post=7974"}],"curies":[{"name":"wp","href":"https:\/\/api.w.org\/{rel}","templated":true}]}}