{"id":7977,"date":"2015-11-14T13:41:09","date_gmt":"2015-11-14T12:41:09","guid":{"rendered":"http:\/\/www.tv2000.it\/?p=7977"},"modified":"2015-11-14T13:41:09","modified_gmt":"2015-11-14T12:41:09","slug":"parigi-comunita-islamiche-italiane-condanna-totale-attacchi-contro-umanita","status":"publish","type":"post","link":"https:\/\/www.tv2000.it\/ufficiostampa\/2015\/11\/14\/parigi-comunita-islamiche-italiane-condanna-totale-attacchi-contro-umanita\/","title":{"rendered":"Parigi, Comunit\u00e0 islamiche italiane: \u201cCondanna totale. Attacchi contro umanit\u00e0"},"content":{"rendered":"<p><a href=\"http:\/\/www.tv2000.it\/wp-content\/uploads\/2015\/11\/Izzedin.jpg\"><img decoding=\"async\" class=\" size-medium wp-image-7978 alignleft\" src=\"http:\/\/www.tv2000.it\/wp-content\/uploads\/2015\/11\/Izzedin-300x163.jpg\" alt=\"Izzedin\" width=\"300\" height=\"163\" \/><\/a>\u201cVogliamo dimostrare la nostra solidariet\u00e0 e l\u2019abbraccio a tutto il popolo francese. Questi attentati terroristici non sono attacchi contro i francesi ma contro tutta l\u2019umanit\u00e0. E\u2019 un momento di rabbia, dolore e condanna totale senza s\u00e9 e senza ma\u201d. Lo ha detto il presidente dell\u2019Ucoii, Unione delle comunit\u00e0 islamiche d\u2019Italia, Izzedin Elzir, ai microfoni di Tv2000, durante lo speciale sui recenti attentati terroristici di Parigi.<br \/>\n\u201cLa nostra comunit\u00e0 \u2013 ha spiegato Elzir &#8211; fa parte integrante del tessuto sociale italiano. C\u2019\u00e8 una bellissima collaborazione con le forze dell\u2019Ordine perch\u00e9 la sicurezza del Paese \u00e8 la sicurezza di tutti. Non dobbiamo vivere nella paura perch\u00e9 l\u2019obiettivo di questi terroristi \u00e8 farci vivere nel terrore. Da parte nostra siamo aperti al dialogo con tutti. Vogliamo far capire alla nostra comunit\u00e0 che l\u2019estremismo e il terrorismo non fanno parte dell\u2019Islam. Questo \u00e8 il ruolo della Comunit\u00e0 islamica. Quando vediamo operazioni terroristiche come quelle di ieri \u00e8 un fallimento non solo della comunit\u00e0 islamica ma di tutta la societ\u00e0\u201d.<br \/>\n\u201cSiamo un p\u00f2 preoccupati\u201d, ha rivelato Elzir, che qualcuno ci possa accusare di essere terroristi ma \u201cconfidiamo nell\u2019intelligenza dei nostri concittadini non musulmani\u201d.<br \/>\n\u201cLa comunit\u00e0 islamica italiana \u2013 ha concluso Elzir &#8211; ha deciso di fare dei sit-in di solidariet\u00e0 per il popolo francese. Abbiamo deciso di non farli da soli ma con tutti gli italiani non musulmani per dimostrare che il progetto di questi terroristi \u00e8 fallito. Il loro obiettivo \u00e8 quello di creare muri mente il nostro \u00e8 costruire ponti. Stamane c\u2019\u00e8 stato il primo sit-in davanti al consolato francese a Firenze, oggi pomeriggio a Milano e poi in altre citt\u00e0 italiane\u201d.<\/p>\n<div class=\"fluid-embed-container\"><iframe title=\"Attentati Parigi. L&#039;intervista di Tg2000 a Izzedin Elzir, Presidente Ucoii\" width=\"640\" height=\"360\" src=\"https:\/\/www.youtube.com\/embed\/wkYHqjqDuWQ?feature=oembed\" frameborder=\"0\" allow=\"accelerometer; autoplay; clipboard-write; encrypted-media; gyroscope; picture-in-picture; web-share\" referrerpolicy=\"strict-origin-when-cross-origin\" allowfullscreen><\/iframe><\/div>\n","protected":false},"excerpt":{"rendered":"\u201cVogliamo dimostrare la nostra solidariet\u00e0 e l\u2019abbraccio a tutto il popolo francese. Questi attentati terroristici non sono attacchi contro i francesi ma contro tutta l\u2019umanit\u00e0. E\u2019 un momento di rabbia, dolore e condanna totale senza s\u00e9 e senza ma\u201d. Lo ha detto il presidente dell\u2019Ucoii, Unione delle comunit\u00e0 islamiche d\u2019Italia, Izzedin Elzir, ai microfoni di [&hellip;]","protected":false},"author":5,"featured_media":0,"comment_status":"closed","ping_status":"closed","sticky":false,"template":"","format":"standard","meta":{"_acf_changed":false,"footnotes":""},"categories":[10,13],"tags":[355],"class_list":["post-7977","post","type-post","status-publish","format-standard","hentry","category-archivio-comunicati-stampa","category-news","tag-parigi"],"acf":[],"aioseo_notices":[],"_links":{"self":[{"href":"https:\/\/www.tv2000.it\/ufficiostampa\/wp-json\/wp\/v2\/posts\/7977","targetHints":{"allow":["GET"]}}],"collection":[{"href":"https:\/\/www.tv2000.it\/ufficiostampa\/wp-json\/wp\/v2\/posts"}],"about":[{"href":"https:\/\/www.tv2000.it\/ufficiostampa\/wp-json\/wp\/v2\/types\/post"}],"author":[{"embeddable":true,"href":"https:\/\/www.tv2000.it\/ufficiostampa\/wp-json\/wp\/v2\/users\/5"}],"replies":[{"embeddable":true,"href":"https:\/\/www.tv2000.it\/ufficiostampa\/wp-json\/wp\/v2\/comments?post=7977"}],"version-history":[{"count":0,"href":"https:\/\/www.tv2000.it\/ufficiostampa\/wp-json\/wp\/v2\/posts\/7977\/revisions"}],"wp:attachment":[{"href":"https:\/\/www.tv2000.it\/ufficiostampa\/wp-json\/wp\/v2\/media?parent=7977"}],"wp:term":[{"taxonomy":"category","embeddable":true,"href":"https:\/\/www.tv2000.it\/ufficiostampa\/wp-json\/wp\/v2\/categories?post=7977"},{"taxonomy":"post_tag","embeddable":true,"href":"https:\/\/www.tv2000.it\/ufficiostampa\/wp-json\/wp\/v2\/tags?post=7977"}],"curies":[{"name":"wp","href":"https:\/\/api.w.org\/{rel}","templated":true}]}}