{"id":8739,"date":"2015-11-28T16:22:50","date_gmt":"2015-11-28T15:22:50","guid":{"rendered":"http:\/\/www.tv2000.it\/?p=8739"},"modified":"2015-11-28T16:22:50","modified_gmt":"2015-11-28T15:22:50","slug":"calcio-furio-valcareggi-agli-europei-ho-gufato-litalia-fino-a-prandelli-il-figlio-dellunico-ct-campione-deuropa-mazzola-e-rivera-hanno-massacr","status":"publish","type":"post","link":"https:\/\/www.tv2000.it\/ufficiostampa\/2015\/11\/28\/calcio-furio-valcareggi-agli-europei-ho-gufato-litalia-fino-a-prandelli-il-figlio-dellunico-ct-campione-deuropa-mazzola-e-rivera-hanno-massacr\/","title":{"rendered":"Calcio, Furio Valcareggi: \u201cAgli europei ho gufato l\u2019Italia fino a Prandelli\u201d. Il figlio dell\u2019unico ct campione d\u2019Europa: \u201cMazzola e Rivera hanno massacrato mio babbo\u201d"},"content":{"rendered":"<p><a href=\"http:\/\/www.tv2000.it\/wp-content\/uploads\/2015\/11\/Valcareggi.jpg\"><img decoding=\"async\" class=\" size-full wp-image-8740 alignleft\" src=\"http:\/\/www.tv2000.it\/wp-content\/uploads\/2015\/11\/Valcareggi.jpg\" alt=\"Valcareggi\" width=\"267\" height=\"189\" \/><\/a>Roma, 28 novembre 2015 \u2013 \u201cCon onest\u00e0 dopo l\u2019 uscita di mio padre da ct ai mondiali del \u201974 in Germania ho un p\u00f2 gufato, mi scocciava che altri potessero eguagliarlo. Un p\u00f2 di gelosia da figlio me la dovete concedere\u201d. Lo ha rivelato Furio Valcareggi, agente Fifa e figlio di Ferruccio Valcareggi, l\u2019unico ct a vincere un europeo con l\u2019Italia e secondo nel Mondiale 1970 dopo la storica Italia-Germania finita 4-3, in un&#8217;intervista a &#8216;Sport 2000&#8217;, il programma sportivo di Tv2000 condotto da Giampiero Spirito, in onda stasera sabato 28 novembre alle 18.55.<br \/>\n\u201cInvece a Prandelli \u2013 ha aggiunto Furio Valcareggi &#8211; ho augurato con tutto il cuore di vincere un europeo e affiancare il nome del mio babbo nell\u2019albo d\u2019oro. Cesare infatti ha solo perso in finale nel 2012. Ed ora sto augurando con tutto l\u2019affetto ad Antonio Conte a Francia 2016 di abbinare il suo nome a quello del mio babbo per trovare un altro vincitore della coppa Europa\u201d.<br \/>\nIl figlio del ct campione d\u2019Europa \u00e8 tornato anche sull\u2019eterna polemica della staffetta Mazzola-Rivera: \u201cNel mondiale di Messico\u201970, in finale con il Brasile, andammo vicino a vincere anche se Mazzola e Rivera sulla Gazzetta di recente hanno massacrato il mio babbo. Mazzola e Rivera, ( i protagonisti della staffetta, hanno dichiarato che non decideva Valcareggi chi mandare in campo ma il capo spedizione Mandelli n.d.r.) sono stati cattivi con il mio babbo. Ci sono rimasto molto male. Tanto \u00e8 vero che ho mandato un messaggio ad entrambi. Rivera non mi ha risposto e non m\u2019interessa mentre Mazzola mi ha risposto scusandosi di aver sbagliato ed esagerato\u201d.<br \/>\n\u201cMa non era vero niente \u2013 ha proseguito Valcareggi jr &#8211; mio babbo era di una presunzione smodata, figurati se Mandelli poteva imporgli qualcosa, non \u00e8 nemmeno da sfiorare il pensiero. Al massimo mio babbo parlava qualche volta con Artemio Franchi (allora presidente Figc n.d.r.)\u00a0 il quale non \u00e8 mai entrato in problemi tattici e tecnici. E\u2019 una bufala assoluta inventata da Mazzola e Rivera. La staffetta \u00e8 stata un\u2019invenzione importante, ora lo fanno tutti, mio babbo dovrebbe averne il copyright. Era chiaro in una squadra che ha Mazzola e Rivera, tra i due\u00a0 c\u2019\u00e8 n\u2019\u00e8 uno di troppo\u201d.<br \/>\n\u201cA dieci anni dalla sua scomparsa (nel 2005 n.d.r.) \u2013 ha concluso Valcareggi jr &#8211; ho cercato di fare qualcosa con la Federcalcio ma per ora mi ha stoppato. Vedremo pi\u00f9 avanti se si istituir\u00e0 un premio o qualcosa visto che \u00e8 stato uno dei vincenti. Ci prover\u00f2 ancora anche se mi hanno detto di no\u201d.<\/p>\n<p>&nbsp;<\/p>\n","protected":false},"excerpt":{"rendered":"Roma, 28 novembre 2015 \u2013 \u201cCon onest\u00e0 dopo l\u2019 uscita di mio padre da ct ai mondiali del \u201974 in Germania ho un p\u00f2 gufato, mi scocciava che altri potessero eguagliarlo. Un p\u00f2 di gelosia da figlio me la dovete concedere\u201d. Lo ha rivelato Furio Valcareggi, agente Fifa e figlio di Ferruccio Valcareggi, l\u2019unico ct [&hellip;]","protected":false},"author":5,"featured_media":0,"comment_status":"closed","ping_status":"closed","sticky":false,"template":"","format":"standard","meta":{"_acf_changed":false,"footnotes":""},"categories":[10],"tags":[],"class_list":["post-8739","post","type-post","status-publish","format-standard","hentry","category-archivio-comunicati-stampa"],"acf":[],"aioseo_notices":[],"_links":{"self":[{"href":"https:\/\/www.tv2000.it\/ufficiostampa\/wp-json\/wp\/v2\/posts\/8739","targetHints":{"allow":["GET"]}}],"collection":[{"href":"https:\/\/www.tv2000.it\/ufficiostampa\/wp-json\/wp\/v2\/posts"}],"about":[{"href":"https:\/\/www.tv2000.it\/ufficiostampa\/wp-json\/wp\/v2\/types\/post"}],"author":[{"embeddable":true,"href":"https:\/\/www.tv2000.it\/ufficiostampa\/wp-json\/wp\/v2\/users\/5"}],"replies":[{"embeddable":true,"href":"https:\/\/www.tv2000.it\/ufficiostampa\/wp-json\/wp\/v2\/comments?post=8739"}],"version-history":[{"count":0,"href":"https:\/\/www.tv2000.it\/ufficiostampa\/wp-json\/wp\/v2\/posts\/8739\/revisions"}],"wp:attachment":[{"href":"https:\/\/www.tv2000.it\/ufficiostampa\/wp-json\/wp\/v2\/media?parent=8739"}],"wp:term":[{"taxonomy":"category","embeddable":true,"href":"https:\/\/www.tv2000.it\/ufficiostampa\/wp-json\/wp\/v2\/categories?post=8739"},{"taxonomy":"post_tag","embeddable":true,"href":"https:\/\/www.tv2000.it\/ufficiostampa\/wp-json\/wp\/v2\/tags?post=8739"}],"curies":[{"name":"wp","href":"https:\/\/api.w.org\/{rel}","templated":true}]}}