{"id":9275,"date":"2015-12-03T19:28:39","date_gmt":"2015-12-03T18:28:39","guid":{"rendered":"http:\/\/www.tv2000.it\/?p=9275"},"modified":"2015-12-03T19:28:39","modified_gmt":"2015-12-03T18:28:39","slug":"disabili-argentin-pd-legge-dopo-di-noi-approvata-definitivamente-a-gennaio-2016","status":"publish","type":"post","link":"https:\/\/www.tv2000.it\/ufficiostampa\/2015\/12\/03\/disabili-argentin-pd-legge-dopo-di-noi-approvata-definitivamente-a-gennaio-2016\/","title":{"rendered":"Disabili, Argentin (Pd): \u201cLegge \u2018dopo di noi\u2019 approvata definitivamente a gennaio 2016\u201d"},"content":{"rendered":"<p><a href=\"http:\/\/www.tv2000.it\/wp-content\/uploads\/2015\/12\/deputata-del-Pd-Ileana-Argentin.jpg\"><img decoding=\"async\" class=\" size-medium wp-image-9276 alignright\" src=\"http:\/\/www.tv2000.it\/wp-content\/uploads\/2015\/12\/deputata-del-Pd-Ileana-Argentin-300x167.jpg\" alt=\"deputata del Pd, Ileana Argentin\" width=\"300\" height=\"167\" \/><\/a>Roma, 3 dicembre 2015 \u2013 La legge \u2018dopo di noi\u2019 a sostegno delle persone gravemente disabili prive di assistenza \u201cverr\u00e0 approvata definitivamente a gennaio 2016\u201d. Lo ha annunciato la deputata del Pd, Ileana Argentin, durante il programma \u2018Siamo Noi\u2019 su Tv2000. L\u2019Argentin da anni impegnata per difendere e far valere i diritti delle persone disabili ha ricordato inoltre che \u201cla legge \u00e8 anche un sostegno ai genitori dei disabili gravissimi\u201d.<\/p>\n<p>\u201cA gennaio viene approvata \u2013 ha aggiunto l\u2019Argentin \u2013 e la cosa pi\u00f9 bella che possiamo dire oggi \u00e8 che questa battaglia \u00e8 stata veramente dura perch\u00e9 purtroppo la disabilit\u00e0 si ricorda sempre e solo il 3 dicembre\u201d ma \u201cce l\u2019abbiamo veramente fatta\u201d.<\/p>\n","protected":false},"excerpt":{"rendered":"Roma, 3 dicembre 2015 \u2013 La legge \u2018dopo di noi\u2019 a sostegno delle persone gravemente disabili prive di assistenza \u201cverr\u00e0 approvata definitivamente a gennaio 2016\u201d. Lo ha annunciato la deputata del Pd, Ileana Argentin, durante il programma \u2018Siamo Noi\u2019 su Tv2000. L\u2019Argentin da anni impegnata per difendere e far valere i diritti delle persone disabili [&hellip;]","protected":false},"author":22,"featured_media":9276,"comment_status":"closed","ping_status":"closed","sticky":false,"template":"","format":"standard","meta":{"_acf_changed":false,"footnotes":""},"categories":[10,13],"tags":[367,368,369,370],"class_list":["post-9275","post","type-post","status-publish","format-standard","has-post-thumbnail","hentry","category-archivio-comunicati-stampa","category-news","tag-deputata-pd","tag-disabili","tag-ileana-argentin","tag-legge-dopo-di-noi"],"acf":[],"aioseo_notices":[],"_links":{"self":[{"href":"https:\/\/www.tv2000.it\/ufficiostampa\/wp-json\/wp\/v2\/posts\/9275","targetHints":{"allow":["GET"]}}],"collection":[{"href":"https:\/\/www.tv2000.it\/ufficiostampa\/wp-json\/wp\/v2\/posts"}],"about":[{"href":"https:\/\/www.tv2000.it\/ufficiostampa\/wp-json\/wp\/v2\/types\/post"}],"author":[{"embeddable":true,"href":"https:\/\/www.tv2000.it\/ufficiostampa\/wp-json\/wp\/v2\/users\/22"}],"replies":[{"embeddable":true,"href":"https:\/\/www.tv2000.it\/ufficiostampa\/wp-json\/wp\/v2\/comments?post=9275"}],"version-history":[{"count":0,"href":"https:\/\/www.tv2000.it\/ufficiostampa\/wp-json\/wp\/v2\/posts\/9275\/revisions"}],"wp:featuredmedia":[{"embeddable":true,"href":"https:\/\/www.tv2000.it\/ufficiostampa\/wp-json\/"}],"wp:attachment":[{"href":"https:\/\/www.tv2000.it\/ufficiostampa\/wp-json\/wp\/v2\/media?parent=9275"}],"wp:term":[{"taxonomy":"category","embeddable":true,"href":"https:\/\/www.tv2000.it\/ufficiostampa\/wp-json\/wp\/v2\/categories?post=9275"},{"taxonomy":"post_tag","embeddable":true,"href":"https:\/\/www.tv2000.it\/ufficiostampa\/wp-json\/wp\/v2\/tags?post=9275"}],"curies":[{"name":"wp","href":"https:\/\/api.w.org\/{rel}","templated":true}]}}