{"id":9619,"date":"2015-12-13T12:12:42","date_gmt":"2015-12-13T11:12:42","guid":{"rendered":"http:\/\/www.tv2000.it\/?p=9619"},"modified":"2015-12-13T12:12:42","modified_gmt":"2015-12-13T11:12:42","slug":"toto-cuffaro-a-tv2000-il-potere-e-il-rapporto-con-la-gente-e-questo-non-lo-abiuro-ex-governatore-sicilia-abolire-carceri-sono-come-pena-di-morte","status":"publish","type":"post","link":"https:\/\/www.tv2000.it\/ufficiostampa\/2015\/12\/13\/toto-cuffaro-a-tv2000-il-potere-e-il-rapporto-con-la-gente-e-questo-non-lo-abiuro-ex-governatore-sicilia-abolire-carceri-sono-come-pena-di-morte\/","title":{"rendered":"Tot\u00f2 Cuffaro a Tv2000: \u201cIl potere \u00e8 il rapporto con la gente e questo non lo abiuro\u201d Ex governatore Sicilia: \u201cAbolire carceri, sono come pena di morte\u201d (VIDEO)"},"content":{"rendered":"<p><a href=\"http:\/\/www.tv2000.it\/wp-content\/uploads\/2015\/12\/Toto_Cuffaro.jpg\"><img decoding=\"async\" class=\" size-medium wp-image-9620 alignleft\" src=\"http:\/\/www.tv2000.it\/wp-content\/uploads\/2015\/12\/Toto_Cuffaro-300x167.jpg\" alt=\"Toto_Cuffaro\" width=\"300\" height=\"167\" \/><\/a>Roma, 13 dicembre 2015 &#8211; \u201cHo chiuso con la politica. Ho chiuso definitivamente perch\u00e9 ho pagato il mio prezzo. Voglio stare con mia moglie, con i miei figli, con mia madre, che non mi hanno fatto vedere. Ma se tornassi indietro, io non abiuro a quello che ho fatto. <em>\u00a0<\/em>Perch\u00e9 la parte pi\u00f9 bella della mia politica \u00e8 stata tutto il tempo che ho dedicato alla gente che ha parlato con me\u201d.<\/p>\n<p>Lo ha detto <strong>Tot\u00f2 Cuffaro<\/strong> nell\u2019ultima intervista in carcere rilasciata alla fine di novembre ad Alessandro Sortino, conduttore del programma &#8216;Beati Voi&#8217; su Tv2000. Un lungo e serrato faccia a faccia, che l\u2019emittente della Cei trasmetter\u00e0 marted\u00ec 15 dicembre (ore 21) nella prima puntata del ciclo &#8217;70 volte 7&#8242;, sui temi del perdono tema cardine del Giubileo della Misericordia. Tra gli ospiti della puntata anche <strong>Luciano Violante<\/strong>, ex presidente della Camera ed ex presidente della Commissione Antimafia.<\/p>\n<p>Cos&#8217;\u00e8 il potere per lei? gli domanda Sortino.<\/p>\n<p>Risponde Cuffaro:<\/p>\n<p>\u201cIo stavo un&#8217;intera giornata ad incontrare le persone, a baciare, abbracciarle, a stare con loro. E stavo sino alle due notte l\u00ec a ricevere persone che arrivavano la mattina e aspettavano dodici, tredici ore per parlare con me.<\/p>\n<p>Il potere per molti \u00e8 il governo, le nomine, la distribuzione di prebende, di soldi. Per molti il potere \u00e8 la possibilit\u00e0 di abbracciare la moglie e i figli e dire: \u201csono stato con Tot\u00f2, nella stanza dove c&#8217;\u00e8 il potere e mi ha offerto il caff\u00e8\u201d. E questa cosa mi ha arricchito umanamente\u201d<em>.<\/em><\/p>\n<p>Per\u00f2 non crede che proprio questa definizione che lei da sia proprio il problema nostro italiano? Tutto ci\u00f2 che nei paesi democratici si vive come diritto, l\u00ec invece viene vissuto come un&#8217;intermediazione personale che produce uno scambio di voti, no? La mafia \u00e8 la malattia di questo sistema di relazioni, il cancro, no?&#8230;Lei crede di aver sbagliato qualcosa? Lei e la classe dirigente che la rappresenta, non solo lei\u201d insiste Sortino.<\/p>\n<p>Replica Cuffaro<\/p>\n<p>\u201cCapiamoci su alcune cose. La disponibilit\u00e0 a parlare con la gente, la voglia di parlare con la gente, di incontrarla, abbracciarla, baciarla, tutto questo non possiamo immaginare sia una cosa sbagliata. Tutto questo \u00e8 stare con le persone, stare tra la gente. \u00c8 il senso vero del rapporto con la gente. Perch\u00e9 la gente vuole avere il rapporto con la persona a cui ha dato il voto e che lo rappresenta dentro le istituzioni. Deve conoscerla, deve capirla. Se questo poi si lega al fatto che il politico che lo fa, lo fa per avere un suo tornaconto personale perch\u00e9 deve chiedere il voto e perch\u00e9 utilizza la persona che abbraccia e bacia non per la sua disponibilit\u00e0 ma per pretendere di avere, in cambio di dare qualche cosa, questa \u00e8 la degenerazione. Ma non buttiamo via tutto solo perch\u00e9 c&#8217;\u00e8 un pezzo di generazione. Non \u00e8 che perch\u00e9 ci sia una moltitudine di peccatori quel pezzo, per rimanere in chiave di Tv2000 diventa peccato..\u201d<br \/>\n\u201cLa mia speranza\u201d ha proseguito Cuffaro, \u00e8 che \u201cun giorno le carceri vengano abolite. \u00c8 giusto che chi ha sbagliato paghi un prezzo alla societ\u00e0, ma un prezzo che gli consenta di continuare a vivere e alla societ\u00e0 di essere ripagata. Facciamo lavorare ma non sbattiamolo in carcere e ci scordiamo di lui\u201d.<br \/>\n\u201cNelle carceri italiane \u2013 ha sottolineato l&#8217;ex governatore della Sicilia &#8211; ogni anno muoiono, perch\u00e9 si suicidano, pi\u00f9 detenuti di quanti se ne ammazzano negli Stati dove c&#8217;\u00e8 la pena di morte. \u00c8 una falsit\u00e0 che non c&#8217;\u00e8 la pena di morte. \u00c8 un&#8217;ipocrisia. Perch\u00e9 quando la gente la sbatti in carcere perch\u00e9 ha l&#8217;ergastolo e non deve pi\u00f9 uscire, non ha motivazioni per vivere e si ammazza\u201d.<br \/>\nCuffaro ha chiesto inoltre di \u201cessere perdonato, perch\u00e9 avrei potuto fare molto di pi\u00f9. Io mi prendo per intero tutte le mie responsabilit\u00e0. Ne ho fatti tanti di errori, non \u00e8 vero che non me li prendo, me li prendo. E per questo, ad alcuni chiedo perdono perch\u00e9 ho sbagliato. Io non far\u00f2 pi\u00f9 politica\u201d.<br \/>\nLa mafia, ha infine ribadito Cuffaro, \u00e8 \u201cuna cosa che fa schifo. Lo continuo a dire anche perch\u00e9 quando l&#8217;ho detto qualcuno ci ha riso sopra, ma la mafia fa schifo. Ed \u00e9 il pi\u00f9 grande cancro che abbiamo in Sicilia. Un cancro complicato. Perch\u00e9 \u00e8 un cancro metastatizzato, nel senso che si insidia e arriva dappertutto dove ci sia da lucrare, da fare soldi, da fare economia. Ed \u00e8 soprattutto un fenomeno che aggredisce le persone meno attrezzate culturalmente\u201d.<\/p>\n<p>&nbsp;<\/p>\n<div class=\"fluid-embed-container\"><iframe title=\"Tot\u00f2 Cuffaro a Tv2000: \u201cIl potere \u00e8 il rapporto con la gente e questo non lo abiuro\u201d\" width=\"640\" height=\"360\" src=\"https:\/\/www.youtube.com\/embed\/6CslHqnMaDc?feature=oembed\" frameborder=\"0\" allow=\"accelerometer; autoplay; clipboard-write; encrypted-media; gyroscope; picture-in-picture; web-share\" referrerpolicy=\"strict-origin-when-cross-origin\" allowfullscreen><\/iframe><\/div>\n<div class=\"fluid-embed-container\"><iframe title=\"Tot\u00f2 Cuffaro a Tv2000: \u201cIl potere \u00e8 il rapporto con la gente e questo non lo abiuro\u201d.\" width=\"640\" height=\"360\" src=\"https:\/\/www.youtube.com\/embed\/zrYTlAGwRQ4?feature=oembed\" frameborder=\"0\" allow=\"accelerometer; autoplay; clipboard-write; encrypted-media; gyroscope; picture-in-picture; web-share\" referrerpolicy=\"strict-origin-when-cross-origin\" allowfullscreen><\/iframe><\/div>\n<p>&nbsp;<\/p>\n","protected":false},"excerpt":{"rendered":"Roma, 13 dicembre 2015 &#8211; \u201cHo chiuso con la politica. Ho chiuso definitivamente perch\u00e9 ho pagato il mio prezzo. Voglio stare con mia moglie, con i miei figli, con mia madre, che non mi hanno fatto vedere. Ma se tornassi indietro, io non abiuro a quello che ho fatto. \u00a0Perch\u00e9 la parte pi\u00f9 bella della [&hellip;]","protected":false},"author":5,"featured_media":9620,"comment_status":"closed","ping_status":"closed","sticky":false,"template":"","format":"standard","meta":{"_acf_changed":false,"footnotes":""},"categories":[10,13],"tags":[371,343,372,110],"class_list":["post-9619","post","type-post","status-publish","format-standard","has-post-thumbnail","hentry","category-archivio-comunicati-stampa","category-news","tag-alessandro-sortino","tag-beati-voi","tag-toto-cuffaro","tag-tv2000"],"acf":[],"aioseo_notices":[],"_links":{"self":[{"href":"https:\/\/www.tv2000.it\/ufficiostampa\/wp-json\/wp\/v2\/posts\/9619","targetHints":{"allow":["GET"]}}],"collection":[{"href":"https:\/\/www.tv2000.it\/ufficiostampa\/wp-json\/wp\/v2\/posts"}],"about":[{"href":"https:\/\/www.tv2000.it\/ufficiostampa\/wp-json\/wp\/v2\/types\/post"}],"author":[{"embeddable":true,"href":"https:\/\/www.tv2000.it\/ufficiostampa\/wp-json\/wp\/v2\/users\/5"}],"replies":[{"embeddable":true,"href":"https:\/\/www.tv2000.it\/ufficiostampa\/wp-json\/wp\/v2\/comments?post=9619"}],"version-history":[{"count":0,"href":"https:\/\/www.tv2000.it\/ufficiostampa\/wp-json\/wp\/v2\/posts\/9619\/revisions"}],"wp:featuredmedia":[{"embeddable":true,"href":"https:\/\/www.tv2000.it\/ufficiostampa\/wp-json\/"}],"wp:attachment":[{"href":"https:\/\/www.tv2000.it\/ufficiostampa\/wp-json\/wp\/v2\/media?parent=9619"}],"wp:term":[{"taxonomy":"category","embeddable":true,"href":"https:\/\/www.tv2000.it\/ufficiostampa\/wp-json\/wp\/v2\/categories?post=9619"},{"taxonomy":"post_tag","embeddable":true,"href":"https:\/\/www.tv2000.it\/ufficiostampa\/wp-json\/wp\/v2\/tags?post=9619"}],"curies":[{"name":"wp","href":"https:\/\/api.w.org\/{rel}","templated":true}]}}